{"id":860,"date":"2019-05-14T09:45:57","date_gmt":"2019-05-14T08:45:57","guid":{"rendered":"http:\/\/feteugtmelilla.es\/?p=860"},"modified":"2019-05-14T09:45:57","modified_gmt":"2019-05-14T08:45:57","slug":"publicada-adjudicacion-definitiva-concurso-traslados-excepto-maestros","status":"publish","type":"post","link":"https:\/\/feteugtmelilla.es\/?p=860","title":{"rendered":"PUBLICADA ADJUDICACI\u00d3N DEFINITIVA CONCURSO TRASLADOS (EXCEPTO MAESTROS)"},"content":{"rendered":"<p>Se han hecho p\u00fablicas las <strong>adjudicaciones definitivas<\/strong> del <strong><em>concurso de traslados<\/em><\/strong> de <strong>todos los cuerpos<\/strong>, <em>a excepci\u00f3n del cuerpo de Maestros<\/em>, que se prev\u00e9 sea publicado el pr\u00f3ximo martes 21. Puedes consultar todos los documentos en:<\/p>\n<ul>\n<li><a class=\"boton\" title=\"Enlace externo, se abre en ventana nueva.\" href=\"http:\/\/www.educacionyfp.gob.es\/dam\/jcr:93052ab3-43a3-4a48-8ffe-d0bdf35b0984\/resolucion-adjudic-definitiva.pdf\" target=\"_blank\" rel=\"external noopener\">Resoluci\u00f3n adjudicaci\u00f3n.<\/a><\/li>\n<li><a title=\"Enlace externo, se abre en ventana nueva.\" href=\"http:\/\/www.educacionyfp.gob.es\/dam\/jcr:a4a01fdc-6c21-44ff-883c-b3c6435fd7e0\/listado-general-adjudicaciones.pdf\" target=\"_blank\" rel=\"external noopener\">Listado de Adjudicaciones Generales.<\/a><\/li>\n<li><a title=\"Enlace externo, se abre en ventana nueva.\" href=\"http:\/\/www.educacionyfp.gob.es\/dam\/jcr:4c178f71-3295-471a-b0a0-f2be6391ae21\/listado-alfabetico-general.pdf\" target=\"_blank\" rel=\"external noopener\">Listado Alfab\u00e9tico general de participantes.<\/a><\/li>\n<li><a title=\"Enlace externo, se abre en ventana nueva.\" href=\"http:\/\/www.educacionyfp.gob.es\/dam\/jcr:49d2855a-7fda-4456-9ab6-88d2daecf96a\/listado-expectativas.pdf\" target=\"_blank\" rel=\"external noopener\">Listado de participantes en expectativa de destino.<\/a><\/li>\n<li><a href=\"http:\/\/www.educacionyfp.gob.es\/dam\/jcr:21ba740b-2ac8-451b-b942-acbd7c288152\/listado-pr%C3%A1cticas.pdf\">Listado de funcionarios en pr\u00e1cticas que han obtenido destino.<\/a><\/li>\n<\/ul>\n","protected":false},"excerpt":{"rendered":"<p>Se han hecho p\u00fablicas las adjudicaciones definitivas del concurso de traslados de todos los cuerpos, a excepci\u00f3n del cuerpo de Maestros, que se prev\u00e9 sea publicado el pr\u00f3ximo martes 21. Puedes consultar todos los documentos en: Resoluci\u00f3n adjudicaci\u00f3n. Listado de Adjudicaciones Generales. Listado Alfab\u00e9tico general de participantes. Listado de participantes en expectativa de destino. Listado [&hellip;]<\/p>\n","protected":false},"author":3,"featured_media":0,"comment_status":"open","ping_status":"open","sticky":false,"template":"","format":"standard","meta":{"_jetpack_memberships_contains_paid_content":false,"footnotes":""},"categories":[18,11],"tags":[133,155],"class_list":["post-860","post","type-post","status-publish","format-standard","hentry","category-ensenanza-publica","category-oposiciones-y-concursos","tag-concurso","tag-profesore"],"jetpack_featured_media_url":"","jetpack_sharing_enabled":true,"_links":{"self":[{"href":"https:\/\/feteugtmelilla.es\/index.php?rest_route=\/wp\/v2\/posts\/860","targetHints":{"allow":["GET"]}}],"collection":[{"href":"https:\/\/feteugtmelilla.es\/index.php?rest_route=\/wp\/v2\/posts"}],"about":[{"href":"https:\/\/feteugtmelilla.es\/index.php?rest_route=\/wp\/v2\/types\/post"}],"author":[{"embeddable":true,"href":"https:\/\/feteugtmelilla.es\/index.php?rest_route=\/wp\/v2\/users\/3"}],"replies":[{"embeddable":true,"href":"https:\/\/feteugtmelilla.es\/index.php?rest_route=%2Fwp%2Fv2%2Fcomments&post=860"}],"version-history":[{"count":1,"href":"https:\/\/feteugtmelilla.es\/index.php?rest_route=\/wp\/v2\/posts\/860\/revisions"}],"predecessor-version":[{"id":862,"href":"https:\/\/feteugtmelilla.es\/index.php?rest_route=\/wp\/v2\/posts\/860\/revisions\/862"}],"wp:attachment":[{"href":"https:\/\/feteugtmelilla.es\/index.php?rest_route=%2Fwp%2Fv2%2Fmedia&parent=860"}],"wp:term":[{"taxonomy":"category","embeddable":true,"href":"https:\/\/feteugtmelilla.es\/index.php?rest_route=%2Fwp%2Fv2%2Fcategories&post=860"},{"taxonomy":"post_tag","embeddable":true,"href":"https:\/\/feteugtmelilla.es\/index.php?rest_route=%2Fwp%2Fv2%2Ftags&post=860"}],"curies":[{"name":"wp","href":"https:\/\/api.w.org\/{rel}","templated":true}]}}