{"id":780,"date":"2019-03-19T16:17:35","date_gmt":"2019-03-19T15:17:35","guid":{"rendered":"http:\/\/feteugtmelilla.es\/?p=780"},"modified":"2019-03-19T16:17:35","modified_gmt":"2019-03-19T15:17:35","slug":"listados-provisionales-convocatorias-extraordinarias","status":"publish","type":"post","link":"https:\/\/feteugtmelilla.es\/?p=780","title":{"rendered":"LISTADOS PROVISIONALES CONVOCATORIAS EXTRAORDINARIAS"},"content":{"rendered":"<p>Se han hecho p\u00fablicos, en relaci\u00f3n a las <em>convocatorias extraordinarias<\/em>,\u00a0 los <strong>listados provisionales<\/strong> de:<\/p>\n<p><a href=\"http:\/\/www.educacionyfp.gob.es\/servicios-al-ciudadano-mecd\/eu\/dms\/mecd\/educacion-mecd\/ba\/ceuta-melilla\/melilla\/recursos-humanos\/interinos\/uniprovinciales18-19\/II_Convocatoria_Extraordinaria\/Listado_provisional_admitidos_IIextradordinaria.pdf\">Admitidos<\/a>;<\/p>\n<p><a href=\"http:\/\/www.educacionyfp.gob.es\/servicios-al-ciudadano-mecd\/eu\/dms\/mecd\/educacion-mecd\/ba\/ceuta-melilla\/melilla\/recursos-humanos\/interinos\/uniprovinciales18-19\/II_Convocatoria_Extraordinaria\/Listado_provisionalexcluidos_IIextraordinaria.pdf\">Excluidos<\/a>;<\/p>\n<p><a href=\"http:\/\/www.educacionyfp.gob.es\/servicios-al-ciudadano-mecd\/eu\/dms\/mecd\/educacion-mecd\/ba\/ceuta-melilla\/melilla\/recursos-humanos\/interinos\/uniprovinciales18-19\/II_Convocatoria_Extraordinaria\/Causas_exclusiones.pdf\">Causas de Exclusi\u00f3n<\/a>.<\/p>\n<p><strong>El plazo de reclamaci\u00f3n finaliza el pr\u00f3ximo jueves 21.<\/strong><\/p>\n<p>&nbsp;<\/p>\n<p>&nbsp;<\/p>\n","protected":false},"excerpt":{"rendered":"<p>Se han hecho p\u00fablicos, en relaci\u00f3n a las convocatorias extraordinarias,\u00a0 los listados provisionales de: Admitidos; Excluidos; Causas de Exclusi\u00f3n. El plazo de reclamaci\u00f3n finaliza el pr\u00f3ximo jueves 21. &nbsp; &nbsp;<\/p>\n","protected":false},"author":3,"featured_media":734,"comment_status":"open","ping_status":"open","sticky":false,"template":"","format":"standard","meta":{"_jetpack_memberships_contains_paid_content":false,"footnotes":""},"categories":[18],"tags":[76,109,80,81,117],"class_list":["post-780","post","type-post","status-publish","format-standard","has-post-thumbnail","hentry","category-ensenanza-publica","tag-fesp-ensenanza","tag-fesp-ensenanza-melilla","tag-fete-ugt-melilla","tag-interinos-melilla","tag-maestros-melilla"],"jetpack_featured_media_url":"https:\/\/feteugtmelilla.es\/wp-content\/uploads\/2019\/03\/Oferta-empleo-UGT.jpg","jetpack_sharing_enabled":true,"_links":{"self":[{"href":"https:\/\/feteugtmelilla.es\/index.php?rest_route=\/wp\/v2\/posts\/780","targetHints":{"allow":["GET"]}}],"collection":[{"href":"https:\/\/feteugtmelilla.es\/index.php?rest_route=\/wp\/v2\/posts"}],"about":[{"href":"https:\/\/feteugtmelilla.es\/index.php?rest_route=\/wp\/v2\/types\/post"}],"author":[{"embeddable":true,"href":"https:\/\/feteugtmelilla.es\/index.php?rest_route=\/wp\/v2\/users\/3"}],"replies":[{"embeddable":true,"href":"https:\/\/feteugtmelilla.es\/index.php?rest_route=%2Fwp%2Fv2%2Fcomments&post=780"}],"version-history":[{"count":1,"href":"https:\/\/feteugtmelilla.es\/index.php?rest_route=\/wp\/v2\/posts\/780\/revisions"}],"predecessor-version":[{"id":781,"href":"https:\/\/feteugtmelilla.es\/index.php?rest_route=\/wp\/v2\/posts\/780\/revisions\/781"}],"wp:featuredmedia":[{"embeddable":true,"href":"https:\/\/feteugtmelilla.es\/index.php?rest_route=\/wp\/v2\/media\/734"}],"wp:attachment":[{"href":"https:\/\/feteugtmelilla.es\/index.php?rest_route=%2Fwp%2Fv2%2Fmedia&parent=780"}],"wp:term":[{"taxonomy":"category","embeddable":true,"href":"https:\/\/feteugtmelilla.es\/index.php?rest_route=%2Fwp%2Fv2%2Fcategories&post=780"},{"taxonomy":"post_tag","embeddable":true,"href":"https:\/\/feteugtmelilla.es\/index.php?rest_route=%2Fwp%2Fv2%2Ftags&post=780"}],"curies":[{"name":"wp","href":"https:\/\/api.w.org\/{rel}","templated":true}]}}