{"id":674,"date":"2019-02-22T13:01:53","date_gmt":"2019-02-22T12:01:53","guid":{"rendered":"http:\/\/feteugtmelilla.es\/?p=674"},"modified":"2019-02-22T13:01:53","modified_gmt":"2019-02-22T12:01:53","slug":"el-sector-de-ensenanza-de-ugt-solicita-al-meyfp-la-convocatoria-de-la-mesa-de-la-concertada-para-ceuta-y-melilla","status":"publish","type":"post","link":"https:\/\/feteugtmelilla.es\/?p=674","title":{"rendered":"El sector de ense\u00f1anza de UGT solicita al MEYFP la convocatoria de la Mesa de la Concertada para Ceuta y Melilla"},"content":{"rendered":"<p style=\"text-align: justify; background: white;\"><span style=\"font-size: 13.0pt; font-family: 'Arial','sans-serif';\">FeSP-UGT ha remitido un escrito a los responsables del Ministerio de Educaci\u00f3n, solicitando el inicio de un proceso negociador en el marco de la Mesa de la Ense\u00f1anza Concertada del territorio MEyFP, para la actualizaci\u00f3n y mejora del sector, as\u00ed como del funcionamiento de los centros docentes sostenidos con fondos p\u00fablicos de Ceuta y Melilla.<\/span><\/p>\n<p style=\"text-align: justify; background: white;\"><span style=\"font-size: 13.0pt; font-family: 'Arial','sans-serif';\">El proceso negociador solicitado por nuestro sindicato -mayoritario en Ceuta y Melilla en la Ense\u00f1anza Concertada-, y de obligado cumplimiento una vez al a\u00f1o, tiene por objeto mantener un nivel de interlocuci\u00f3n-negociaci\u00f3n con el fin de alcanzar acuerdos que afecten al \u00e1mbito funcional mencionado de las ciudades aut\u00f3nomas de ambas ciudades aut\u00f3nomas.<\/span><\/p>\n<p style=\"text-align: justify; background: white;\"><span style=\"font-size: 13.0pt; font-family: 'Arial','sans-serif';\">El personal docente y no docente de los centros concertados de ambas ciudades aut\u00f3nomas presta un servicio p\u00fablico que debe responder a id\u00e9nticos criterios de calidad exigidos en todos los centros pertenecientes al sistema p\u00fablico educativo (p\u00fablica y concertada). Por ello, el sector de Educaci\u00f3n de UGT desea que de este proceso negociador que requerimos salgan unas condiciones laborales y retributivas id\u00e9nticas que permitan la adecuada prestaci\u00f3n del servicio p\u00fablico con el consiguiente beneficio para los alumnos y alumnas.<\/span><\/p>\n<p style=\"text-align: justify; background: white;\"><span style=\"font-size: 13.0pt; font-family: 'Arial','sans-serif';\">Con intenci\u00f3n de mejorar dicho servicio p\u00fablico, planteamos, entre otras cuestiones, revisar la insuficiente ratio profesor\/unidad en Primaria, continuar con los procesos de homologaci\u00f3n salarial incluyendo los sexenios e incorporar el reconocimiento del complemento de acci\u00f3n tutorial. Tambi\u00e9n se plantear\u00e1 la situaci\u00f3n del PAS como pago delegado.<\/span><\/p>\n<p style=\"text-align: justify; background: white;\"><span style=\"font-size: 13.0pt; font-family: 'Arial','sans-serif';\">La carta concluye expresando la esperanza de que el Ministerio persiga los mismos objetivos de equidad con los trabajadores de la Ense\u00f1anza Concertada para que est\u00e9n debidamente considerados por ser integrantes del sistema p\u00fablico educativo que la FeSP-UGT demanda, tras una larga espera del reconocimiento de unas reivindicaciones que fueron, inexplicablemente aplazadas por Gobiernos anteriores.<\/span><\/p>\n<p style=\"text-align: justify; background: white;\"><span style=\"font-size: 13.0pt; font-family: 'Arial','sans-serif';\">En Melilla, unos 200 trabajadores y trabajadoras de centros Concertados esperan que, en esta y las siguientes reuniones, se aborden las problem\u00e1ticas del sector y se lleguen a acuerdos que permitan el desempe\u00f1o de sus puestos de trabajo de forma digna.<\/span><\/p>\n","protected":false},"excerpt":{"rendered":"<p>FeSP-UGT ha remitido un escrito a los responsables del Ministerio de Educaci\u00f3n, solicitando el inicio de un proceso negociador en el marco de la Mesa de la Ense\u00f1anza Concertada del territorio MEyFP, para la actualizaci\u00f3n y mejora del sector, as\u00ed como del funcionamiento de los centros docentes sostenidos con fondos p\u00fablicos de Ceuta y Melilla. [&hellip;]<\/p>\n","protected":false},"author":5,"featured_media":0,"comment_status":"open","ping_status":"open","sticky":false,"template":"","format":"image","meta":{"_jetpack_memberships_contains_paid_content":false,"footnotes":""},"categories":[7,17],"tags":[113,43,65,74],"class_list":["post-674","post","type-post","status-publish","format-image","hentry","category-ensenanza-privada","category-noticias","tag-concertada","tag-educacion","tag-melilla","tag-ugt","post_format-post-format-image"],"jetpack_featured_media_url":"","jetpack_sharing_enabled":true,"_links":{"self":[{"href":"https:\/\/feteugtmelilla.es\/index.php?rest_route=\/wp\/v2\/posts\/674","targetHints":{"allow":["GET"]}}],"collection":[{"href":"https:\/\/feteugtmelilla.es\/index.php?rest_route=\/wp\/v2\/posts"}],"about":[{"href":"https:\/\/feteugtmelilla.es\/index.php?rest_route=\/wp\/v2\/types\/post"}],"author":[{"embeddable":true,"href":"https:\/\/feteugtmelilla.es\/index.php?rest_route=\/wp\/v2\/users\/5"}],"replies":[{"embeddable":true,"href":"https:\/\/feteugtmelilla.es\/index.php?rest_route=%2Fwp%2Fv2%2Fcomments&post=674"}],"version-history":[{"count":1,"href":"https:\/\/feteugtmelilla.es\/index.php?rest_route=\/wp\/v2\/posts\/674\/revisions"}],"predecessor-version":[{"id":675,"href":"https:\/\/feteugtmelilla.es\/index.php?rest_route=\/wp\/v2\/posts\/674\/revisions\/675"}],"wp:attachment":[{"href":"https:\/\/feteugtmelilla.es\/index.php?rest_route=%2Fwp%2Fv2%2Fmedia&parent=674"}],"wp:term":[{"taxonomy":"category","embeddable":true,"href":"https:\/\/feteugtmelilla.es\/index.php?rest_route=%2Fwp%2Fv2%2Fcategories&post=674"},{"taxonomy":"post_tag","embeddable":true,"href":"https:\/\/feteugtmelilla.es\/index.php?rest_route=%2Fwp%2Fv2%2Ftags&post=674"}],"curies":[{"name":"wp","href":"https:\/\/api.w.org\/{rel}","templated":true}]}}