{"id":619,"date":"2019-02-14T09:05:13","date_gmt":"2019-02-14T08:05:13","guid":{"rendered":"http:\/\/feteugtmelilla.es\/?p=619"},"modified":"2019-02-14T09:05:13","modified_gmt":"2019-02-14T08:05:13","slug":"publicada-resolucion-en-extremadura-para-formar-parte-de-las-listas-de-interinos-del-cuerpo-de-maestros","status":"publish","type":"post","link":"https:\/\/feteugtmelilla.es\/?p=619","title":{"rendered":"PUBLICADA RESOLUCI\u00d3N EN EXTREMADURA PARA FORMAR PARTE DE LAS LISTAS DE INTERINOS DEL CUERPO DE MAESTROS."},"content":{"rendered":"<p>La Consejer\u00eda de Educaci\u00f3n de la Junta de Extremadura ha publicado <em>RESOLUCI\u00d3N de 8 de febrero de 2019, de la Direcci\u00f3n General de Personal Docente, por la que se convoca procedimiento para la integraci\u00f3n por<\/em><br \/>\n<em>primera vez en listas de espera del Cuerpo de Maestros y para la actualizaci\u00f3n de los m\u00e9ritos de quienes ya forman parte de las mismas<\/em>.\u00a0Los aspirantes a ingresar en las listas de espera del Cuerpo de Maestros deber\u00e1n estar en posesi\u00f3n o en condiciones de obtener el t\u00edtulo de Maestro o el t\u00edtulo de Grado correspondiente y superar una de las pruebas\/ejercicios del procedimiento selectivo para ingreso en esa especialidad convocado por la Comunidad Aut\u00f3noma de Extremadura para el a\u00f1o 2019. Accede a la:<\/p>\n<p><a href=\"http:\/\/doe.gobex.es\/pdfs\/doe\/2019\/310o\/19060343.pdf\">Convocatoria.<\/a><\/p>\n<p><a href=\"http:\/\/profex.educarex.es\/profex\/index.jsp\">Solicitud.<\/a><\/p>\n<ul class=\"listadoInterior\">\n<li><strong>Plazo solicitud<\/strong>: hasta el 28 de febrero de 2019.<\/li>\n<\/ul>\n","protected":false},"excerpt":{"rendered":"<p>La Consejer\u00eda de Educaci\u00f3n de la Junta de Extremadura ha publicado RESOLUCI\u00d3N de 8 de febrero de 2019, de la Direcci\u00f3n General de Personal Docente, por la que se convoca procedimiento para la integraci\u00f3n por primera vez en listas de espera del Cuerpo de Maestros y para la actualizaci\u00f3n de los m\u00e9ritos de quienes ya [&hellip;]<\/p>\n","protected":false},"author":3,"featured_media":0,"comment_status":"open","ping_status":"open","sticky":false,"template":"","format":"standard","meta":{"_jetpack_memberships_contains_paid_content":false,"footnotes":""},"categories":[18,11],"tags":[],"class_list":["post-619","post","type-post","status-publish","format-standard","hentry","category-ensenanza-publica","category-oposiciones-y-concursos"],"jetpack_featured_media_url":"","jetpack_sharing_enabled":true,"_links":{"self":[{"href":"https:\/\/feteugtmelilla.es\/index.php?rest_route=\/wp\/v2\/posts\/619","targetHints":{"allow":["GET"]}}],"collection":[{"href":"https:\/\/feteugtmelilla.es\/index.php?rest_route=\/wp\/v2\/posts"}],"about":[{"href":"https:\/\/feteugtmelilla.es\/index.php?rest_route=\/wp\/v2\/types\/post"}],"author":[{"embeddable":true,"href":"https:\/\/feteugtmelilla.es\/index.php?rest_route=\/wp\/v2\/users\/3"}],"replies":[{"embeddable":true,"href":"https:\/\/feteugtmelilla.es\/index.php?rest_route=%2Fwp%2Fv2%2Fcomments&post=619"}],"version-history":[{"count":1,"href":"https:\/\/feteugtmelilla.es\/index.php?rest_route=\/wp\/v2\/posts\/619\/revisions"}],"predecessor-version":[{"id":621,"href":"https:\/\/feteugtmelilla.es\/index.php?rest_route=\/wp\/v2\/posts\/619\/revisions\/621"}],"wp:attachment":[{"href":"https:\/\/feteugtmelilla.es\/index.php?rest_route=%2Fwp%2Fv2%2Fmedia&parent=619"}],"wp:term":[{"taxonomy":"category","embeddable":true,"href":"https:\/\/feteugtmelilla.es\/index.php?rest_route=%2Fwp%2Fv2%2Fcategories&post=619"},{"taxonomy":"post_tag","embeddable":true,"href":"https:\/\/feteugtmelilla.es\/index.php?rest_route=%2Fwp%2Fv2%2Ftags&post=619"}],"curies":[{"name":"wp","href":"https:\/\/api.w.org\/{rel}","templated":true}]}}