{"id":4377,"date":"2024-09-06T11:11:43","date_gmt":"2024-09-06T10:11:43","guid":{"rendered":"https:\/\/feteugtmelilla.es\/?p=4377"},"modified":"2024-09-09T12:18:59","modified_gmt":"2024-09-09T11:18:59","slug":"funcionarios-interinos-segunda-adjudicacion-provisional-de-vacantes-para-el-curso-2024-2025","status":"publish","type":"post","link":"https:\/\/feteugtmelilla.es\/?p=4377","title":{"rendered":"Segunda adjudicaci\u00f3n provisional de vacantes para el curso 2024-2025"},"content":{"rendered":"\n<p><\/p>\n\n\n\n<p>Una vez publicada la lista PROVISIONAL, hay que comprobar que est\u00e1 todo correcto y en caso de que alguien considere que no es as\u00ed podr\u00e1 presentar reclamaci\u00f3n a trav\u00e9s de <a href=\"https:\/\/reg.redsara.es\/\"><strong>REGISTRO ELECTR\u00d3NICO COM\u00daN<\/strong> (REC)<\/a> y a josemaria.moreno@educacion.gob.es, <strong>hasta las 12:00 horas del d\u00eda 9 de septiembre de 2024.<\/strong> Estos son los documentos publicados:<\/p>\n\n\n\n<ul class=\"wp-block-list\">\n<li><a href=\"https:\/\/www.educacionfpydeportes.gob.es\/dam\/jcr:84d88d99-cfe9-40d8-904e-b62606178f72\/resol-prov-numero-seg-vacantes-24-25.pdf\" target=\"_blank\" rel=\"noreferrer noopener\">Resoluci\u00f3n n\u00famero provisional de vacantes<\/a><\/li>\n\n\n\n<li><a href=\"https:\/\/www.educacionfpydeportes.gob.es\/dam\/jcr:8784c80d-0c6b-4e82-861a-3bd94e3b47a1\/resol-prov-adjud-seg-vacantes-24-25.pdf\" target=\"_blank\" rel=\"noreferrer noopener\">Resoluci\u00f3n de la segunda adjudicaci\u00f3n provisional de vacantes<\/a><\/li>\n\n\n\n<li><a href=\"https:\/\/www.educacionfpydeportes.gob.es\/dam\/jcr:a53efd46-3613-4518-bb0c-0d1671d1f0df\/numero-segunda-adjud-vacantes-24-25.pdf\" target=\"_blank\" rel=\"noreferrer noopener\">N\u00famero provisional de la segunda adjudicaci\u00f3n de vacantes<\/a><\/li>\n\n\n\n<li><a href=\"https:\/\/www.educacionfpydeportes.gob.es\/dam\/jcr:aff943f8-36f4-4c71-acbf-7de3159adc22\/segunda-adjud-prov-vacantes-24-25.pdf\" target=\"_blank\" rel=\"noreferrer noopener\">Listado provisional de la segunda adjudicaci\u00f3n de vacantes<\/a><\/li>\n<\/ul>\n\n\n\n<p><strong>La RESOLUCI\u00d3N DEFINITIVA se publicar\u00e1 el 10 de septiembre <\/strong>y, a partir de esa publicaci\u00f3n, tienes<strong> hasta el d\u00eda 11 de septiembre a las 23.59 h <\/strong>para presentar a trav\u00e9s del REC la siguiente documentaci\u00f3n que hay que cumplimentar y firmar:<\/p>\n\n\n\n<ul class=\"wp-block-list\">\n<li><a href=\"https:\/\/www.educacionfpydeportes.gob.es\/dam\/jcr:eab73dc3-77d5-43b7-8219-e5ebf2548cc7\/nuevo-formulario-alta2.pdf\">Formulario de alta.<\/a><\/li>\n<\/ul>\n\n\n\n<ul class=\"wp-block-list\">\n<li>Fotocopia por ambas caras de la tarjeta de afiliaci\u00f3n a la Seguridad Social.<\/li>\n\n\n\n<li>Certificaci\u00f3n negativa del Registro Central de Delincuentes Sexuales.<\/li>\n<\/ul>\n\n\n\n<p class=\"has-vivid-red-color has-text-color has-link-color wp-elements-69a3566ac0b316a65fb2ff9bfeb73567\"><strong><u>ATENCI\u00d3N<\/u><\/strong> <strong><u>INTERINOS DE NUEVO INGRESO<\/u><\/strong>, adem\u00e1s de los documentos anteriores deber\u00e1n aportar:<\/p>\n\n\n\n<ul class=\"wp-block-list\">\n<li>Fotocopia de la titulaci\u00f3n requerida.<\/li>\n\n\n\n<li>Fotocopia del CAP\/M\u00e1ster MAES<\/li>\n\n\n\n<li>Documentaci\u00f3n que acredite la formaci\u00f3n pedag\u00f3gica cuando proceda.<\/li>\n<\/ul>\n\n\n\n<p>Recuerda que para cualquier duda, consulta o ayuda puedes contactar con nosotros en la sede de UGT, el email  publica.melilla@ugt-sp.ugt.org o el n\u00famero de whatsapp<strong> 639 912 379<\/strong><\/p>\n","protected":false},"excerpt":{"rendered":"<p>Una vez publicada la lista PROVISIONAL, hay que comprobar que est\u00e1 todo correcto y en caso de que alguien considere que no es as\u00ed podr\u00e1 presentar reclamaci\u00f3n a trav\u00e9s de REGISTRO ELECTR\u00d3NICO COM\u00daN (REC) y a josemaria.moreno@educacion.gob.es, hasta las 12:00 horas del d\u00eda 9 de septiembre de 2024. Estos son los documentos publicados: La RESOLUCI\u00d3N [&hellip;]<\/p>\n","protected":false},"author":3,"featured_media":4388,"comment_status":"open","ping_status":"open","sticky":true,"template":"","format":"standard","meta":{"_jetpack_memberships_contains_paid_content":false,"footnotes":""},"categories":[18,17],"tags":[93],"class_list":["post-4377","post","type-post","status-publish","format-standard","has-post-thumbnail","hentry","category-ensenanza-publica","category-noticias","tag-interinos"],"jetpack_featured_media_url":"https:\/\/feteugtmelilla.es\/wp-content\/uploads\/2024\/09\/UGT_ADJUDICACION-VACANTES_2_-DEF.png","jetpack_sharing_enabled":true,"_links":{"self":[{"href":"https:\/\/feteugtmelilla.es\/index.php?rest_route=\/wp\/v2\/posts\/4377","targetHints":{"allow":["GET"]}}],"collection":[{"href":"https:\/\/feteugtmelilla.es\/index.php?rest_route=\/wp\/v2\/posts"}],"about":[{"href":"https:\/\/feteugtmelilla.es\/index.php?rest_route=\/wp\/v2\/types\/post"}],"author":[{"embeddable":true,"href":"https:\/\/feteugtmelilla.es\/index.php?rest_route=\/wp\/v2\/users\/3"}],"replies":[{"embeddable":true,"href":"https:\/\/feteugtmelilla.es\/index.php?rest_route=%2Fwp%2Fv2%2Fcomments&post=4377"}],"version-history":[{"count":5,"href":"https:\/\/feteugtmelilla.es\/index.php?rest_route=\/wp\/v2\/posts\/4377\/revisions"}],"predecessor-version":[{"id":4394,"href":"https:\/\/feteugtmelilla.es\/index.php?rest_route=\/wp\/v2\/posts\/4377\/revisions\/4394"}],"wp:featuredmedia":[{"embeddable":true,"href":"https:\/\/feteugtmelilla.es\/index.php?rest_route=\/wp\/v2\/media\/4388"}],"wp:attachment":[{"href":"https:\/\/feteugtmelilla.es\/index.php?rest_route=%2Fwp%2Fv2%2Fmedia&parent=4377"}],"wp:term":[{"taxonomy":"category","embeddable":true,"href":"https:\/\/feteugtmelilla.es\/index.php?rest_route=%2Fwp%2Fv2%2Fcategories&post=4377"},{"taxonomy":"post_tag","embeddable":true,"href":"https:\/\/feteugtmelilla.es\/index.php?rest_route=%2Fwp%2Fv2%2Ftags&post=4377"}],"curies":[{"name":"wp","href":"https:\/\/api.w.org\/{rel}","templated":true}]}}