{"id":4094,"date":"2024-01-12T13:25:24","date_gmt":"2024-01-12T12:25:24","guid":{"rendered":"https:\/\/feteugtmelilla.es\/?p=4094"},"modified":"2024-01-16T12:58:17","modified_gmt":"2024-01-16T11:58:17","slug":"todo-lo-que-necesitas-que-saber-sobre-tu-jubilacion-en-2024","status":"publish","type":"post","link":"https:\/\/feteugtmelilla.es\/?p=4094","title":{"rendered":"TODO LO QUE NECESITAS SABER SOBRE TU JUBILACI\u00d3N EN 2024"},"content":{"rendered":"\n<p class=\"has-text-align-justify\">Una a\u00f1o m\u00e1s, desde UGT hemos elaborado&nbsp;<strong>boletines informativos en los que se recogen todos los aspectos que debes saber sobre tu jubilaci\u00f3n<\/strong>,&nbsp;<em>de manera clara y sencilla<\/em>.&nbsp;Si tienes cualquier duda o consulta, no dudes en ponerte en contacto con nosotros.<\/p>\n\n\n\n<p class=\"has-text-align-center has-vivid-red-color has-text-color\"><strong>CLASES PASIVAS<\/strong><\/p>\n\n\n\n<p class=\"has-text-align-justify\">Si eres&nbsp;<strong>funcionario de carrera con anterioridad al 01 de enero de 2011<\/strong>, tu R\u00e9gimen de Cotizaci\u00f3n a efectos de Jubilaci\u00f3n es de Clases Pasivas. En este&nbsp;<a href=\"http:\/\/feteugtmelilla.es\/wp-content\/uploads\/2024\/01\/jubilacion-clases-pasivas-2024-1.pdf\" target=\"_blank\" rel=\"noreferrer noopener\">bolet\u00edn informativo<\/a>&nbsp;encontrar\u00e1s toda la informaci\u00f3n correspondiente, as\u00ed como la tabla con los haberes reguladores actualizados.<\/p>\n\n\n\n<div class=\"wp-block-image\"><figure class=\"aligncenter size-large is-resized\"><img loading=\"lazy\" decoding=\"async\" src=\"https:\/\/feteugtmelilla.es\/wp-content\/uploads\/2024\/01\/image.png\" alt=\"\" class=\"wp-image-4095\" width=\"719\" height=\"517\" srcset=\"https:\/\/feteugtmelilla.es\/wp-content\/uploads\/2024\/01\/image.png 997w, https:\/\/feteugtmelilla.es\/wp-content\/uploads\/2024\/01\/image-300x216.png 300w, https:\/\/feteugtmelilla.es\/wp-content\/uploads\/2024\/01\/image-768x552.png 768w\" sizes=\"auto, (max-width: 719px) 100vw, 719px\" \/><figcaption> <\/figcaption><\/figure><\/div>\n\n\n\n<p class=\"has-text-align-center has-vivid-red-color has-text-color\"><strong>SEGURIDAD SOCIAL<\/strong><\/p>\n\n\n\n<p>Si eres&nbsp;<strong>interino<\/strong>,&nbsp;<em>o aprobaste las Oposiciones con posterioridad al 01 de enero de 2011<\/em>, tu R\u00e9gimen de Cotizaci\u00f3n a efectos de Jubilaci\u00f3n es de la Seguridad Social. Accede a nuestro&nbsp;<a rel=\"noreferrer noopener\" href=\"http:\/\/feteugtmelilla.es\/wp-content\/uploads\/2024\/01\/jubilacion-seguridad-social-2024-1.pdf\" target=\"_blank\">bolet\u00edn informativo<\/a>, en el que encontrar\u00e1s toda la informaci\u00f3n.<\/p>\n\n\n\n<div class=\"wp-block-image\"><figure class=\"aligncenter size-large is-resized\"><img loading=\"lazy\" decoding=\"async\" src=\"https:\/\/feteugtmelilla.es\/wp-content\/uploads\/2024\/01\/image-1.png\" alt=\"\" class=\"wp-image-4096\" width=\"738\" height=\"458\" srcset=\"https:\/\/feteugtmelilla.es\/wp-content\/uploads\/2024\/01\/image-1.png 551w, https:\/\/feteugtmelilla.es\/wp-content\/uploads\/2024\/01\/image-1-300x186.png 300w\" sizes=\"auto, (max-width: 738px) 100vw, 738px\" \/><\/figure><\/div>\n","protected":false},"excerpt":{"rendered":"<p>Una a\u00f1o m\u00e1s, desde UGT hemos elaborado&nbsp;boletines informativos en los que se recogen todos los aspectos que debes saber sobre tu jubilaci\u00f3n,&nbsp;de manera clara y sencilla.&nbsp;Si tienes cualquier duda o consulta, no dudes en ponerte en contacto con nosotros. CLASES PASIVAS Si eres&nbsp;funcionario de carrera con anterioridad al 01 de enero de 2011, tu R\u00e9gimen [&hellip;]<\/p>\n","protected":false},"author":3,"featured_media":4099,"comment_status":"open","ping_status":"open","sticky":false,"template":"","format":"standard","meta":{"_jetpack_memberships_contains_paid_content":false,"footnotes":""},"categories":[195,18,17],"tags":[539],"class_list":["post-4094","post","type-post","status-publish","format-standard","has-post-thumbnail","hentry","category-campanas","category-ensenanza-publica","category-noticias","tag-jubilacion-2024"],"jetpack_featured_media_url":"https:\/\/feteugtmelilla.es\/wp-content\/uploads\/2024\/01\/dinero.jpg","jetpack_sharing_enabled":true,"_links":{"self":[{"href":"https:\/\/feteugtmelilla.es\/index.php?rest_route=\/wp\/v2\/posts\/4094","targetHints":{"allow":["GET"]}}],"collection":[{"href":"https:\/\/feteugtmelilla.es\/index.php?rest_route=\/wp\/v2\/posts"}],"about":[{"href":"https:\/\/feteugtmelilla.es\/index.php?rest_route=\/wp\/v2\/types\/post"}],"author":[{"embeddable":true,"href":"https:\/\/feteugtmelilla.es\/index.php?rest_route=\/wp\/v2\/users\/3"}],"replies":[{"embeddable":true,"href":"https:\/\/feteugtmelilla.es\/index.php?rest_route=%2Fwp%2Fv2%2Fcomments&post=4094"}],"version-history":[{"count":2,"href":"https:\/\/feteugtmelilla.es\/index.php?rest_route=\/wp\/v2\/posts\/4094\/revisions"}],"predecessor-version":[{"id":4102,"href":"https:\/\/feteugtmelilla.es\/index.php?rest_route=\/wp\/v2\/posts\/4094\/revisions\/4102"}],"wp:featuredmedia":[{"embeddable":true,"href":"https:\/\/feteugtmelilla.es\/index.php?rest_route=\/wp\/v2\/media\/4099"}],"wp:attachment":[{"href":"https:\/\/feteugtmelilla.es\/index.php?rest_route=%2Fwp%2Fv2%2Fmedia&parent=4094"}],"wp:term":[{"taxonomy":"category","embeddable":true,"href":"https:\/\/feteugtmelilla.es\/index.php?rest_route=%2Fwp%2Fv2%2Fcategories&post=4094"},{"taxonomy":"post_tag","embeddable":true,"href":"https:\/\/feteugtmelilla.es\/index.php?rest_route=%2Fwp%2Fv2%2Ftags&post=4094"}],"curies":[{"name":"wp","href":"https:\/\/api.w.org\/{rel}","templated":true}]}}