{"id":4089,"date":"2024-01-12T13:01:00","date_gmt":"2024-01-12T12:01:00","guid":{"rendered":"https:\/\/feteugtmelilla.es\/?p=4089"},"modified":"2024-01-12T13:01:04","modified_gmt":"2024-01-12T12:01:04","slug":"convocatoria-proceso-selectivo-para-bolsa-de-trabajo-de-personal-laboral-grupo-profesional-e2-atencion-a-personas-en-situacion-de-dependencia","status":"publish","type":"post","link":"https:\/\/feteugtmelilla.es\/?p=4089","title":{"rendered":"Convocatoria proceso selectivo para bolsa de trabajo de personal laboral, grupo profesional E2 (Atenci\u00f3n a personas en situaci\u00f3n de dependencia)"},"content":{"rendered":"\n<p class=\"has-text-align-justify\">Se ha publicado <strong><em>convocatoria de proceso selectivo para la elaboraci\u00f3n de una relaci\u00f3n de personas<\/em><\/strong> candidatas para la contrataci\u00f3n de personal laboral temporal del grupo profesional E2 (bolsa),<strong><em> especialidad Atenci\u00f3n a personas en situaci\u00f3n de dependencia<\/em><\/strong>.<\/p>\n\n\n\n<p><a rel=\"noreferrer noopener\" href=\"https:\/\/www.educacionyfp.gob.es\/dam\/jcr:f32ad8f1-5b71-408d-9d66-d51b503d0258\/resolucion-bolsa-atencion-personas-dependencia.pdf\" target=\"_blank\">Bases de la convocatoria<\/a><\/p>\n\n\n\n<p><strong><em>Plazo de solicitudes<\/em><\/strong>: <mark>hasta el pr\u00f3ximo d\u00eda 26 de enero.<\/mark><\/p>\n\n\n\n<p>Enlace al procedimiento <a rel=\"noreferrer noopener\" href=\"https:\/\/www.educacionyfp.gob.es\/servicios-al-ciudadano\/catalogo\/empleo-publico\/oposiciones-y-ofertas-empleo-temporal\/ofertas-empleo-temporal\/personal-laboral-no-docente\/laborales-temporales-resto.html\" target=\"_blank\">aqu\u00ed<\/a>.<\/p>\n\n\n\n<div class=\"wp-block-image\"><figure class=\"aligncenter size-large\"><img loading=\"lazy\" decoding=\"async\" width=\"560\" height=\"479\" src=\"https:\/\/feteugtmelilla.es\/wp-content\/uploads\/2024\/01\/Captura-de-pantalla-2024-01-12-122951.png\" alt=\"\" class=\"wp-image-4091\" srcset=\"https:\/\/feteugtmelilla.es\/wp-content\/uploads\/2024\/01\/Captura-de-pantalla-2024-01-12-122951.png 560w, https:\/\/feteugtmelilla.es\/wp-content\/uploads\/2024\/01\/Captura-de-pantalla-2024-01-12-122951-300x257.png 300w\" sizes=\"auto, (max-width: 560px) 100vw, 560px\" \/><\/figure><\/div>\n","protected":false},"excerpt":{"rendered":"<p>Se ha publicado convocatoria de proceso selectivo para la elaboraci\u00f3n de una relaci\u00f3n de personas candidatas para la contrataci\u00f3n de personal laboral temporal del grupo profesional E2 (bolsa), especialidad Atenci\u00f3n a personas en situaci\u00f3n de dependencia. Bases de la convocatoria Plazo de solicitudes: hasta el pr\u00f3ximo d\u00eda 26 de enero. Enlace al procedimiento aqu\u00ed.<\/p>\n","protected":false},"author":3,"featured_media":1944,"comment_status":"open","ping_status":"open","sticky":false,"template":"","format":"standard","meta":{"_jetpack_memberships_contains_paid_content":false,"footnotes":""},"categories":[18,11],"tags":[537,538,534],"class_list":["post-4089","post","type-post","status-publish","format-standard","has-post-thumbnail","hentry","category-ensenanza-publica","category-oposiciones-y-concursos","tag-bolsa","tag-cuidadores","tag-personal-laboral"],"jetpack_featured_media_url":"https:\/\/feteugtmelilla.es\/wp-content\/uploads\/2020\/10\/oferta-empleo.jpg","jetpack_sharing_enabled":true,"_links":{"self":[{"href":"https:\/\/feteugtmelilla.es\/index.php?rest_route=\/wp\/v2\/posts\/4089","targetHints":{"allow":["GET"]}}],"collection":[{"href":"https:\/\/feteugtmelilla.es\/index.php?rest_route=\/wp\/v2\/posts"}],"about":[{"href":"https:\/\/feteugtmelilla.es\/index.php?rest_route=\/wp\/v2\/types\/post"}],"author":[{"embeddable":true,"href":"https:\/\/feteugtmelilla.es\/index.php?rest_route=\/wp\/v2\/users\/3"}],"replies":[{"embeddable":true,"href":"https:\/\/feteugtmelilla.es\/index.php?rest_route=%2Fwp%2Fv2%2Fcomments&post=4089"}],"version-history":[{"count":2,"href":"https:\/\/feteugtmelilla.es\/index.php?rest_route=\/wp\/v2\/posts\/4089\/revisions"}],"predecessor-version":[{"id":4092,"href":"https:\/\/feteugtmelilla.es\/index.php?rest_route=\/wp\/v2\/posts\/4089\/revisions\/4092"}],"wp:featuredmedia":[{"embeddable":true,"href":"https:\/\/feteugtmelilla.es\/index.php?rest_route=\/wp\/v2\/media\/1944"}],"wp:attachment":[{"href":"https:\/\/feteugtmelilla.es\/index.php?rest_route=%2Fwp%2Fv2%2Fmedia&parent=4089"}],"wp:term":[{"taxonomy":"category","embeddable":true,"href":"https:\/\/feteugtmelilla.es\/index.php?rest_route=%2Fwp%2Fv2%2Fcategories&post=4089"},{"taxonomy":"post_tag","embeddable":true,"href":"https:\/\/feteugtmelilla.es\/index.php?rest_route=%2Fwp%2Fv2%2Ftags&post=4089"}],"curies":[{"name":"wp","href":"https:\/\/api.w.org\/{rel}","templated":true}]}}