{"id":4001,"date":"2023-11-11T09:33:58","date_gmt":"2023-11-11T08:33:58","guid":{"rendered":"https:\/\/feteugtmelilla.es\/?p=4001"},"modified":"2023-11-11T09:34:01","modified_gmt":"2023-11-11T08:34:01","slug":"listados-provisionales-de-admitidos","status":"publish","type":"post","link":"https:\/\/feteugtmelilla.es\/?p=4001","title":{"rendered":"LISTADOS PROVISIONALES DE ADMITIDOS"},"content":{"rendered":"\n<p class=\"has-text-align-justify\">Publicadas las <mark>listas provisionales de admitidos y excluidos de la II Convocatoria extraordinaria del curso 23\/24<\/mark>:<\/p>\n\n\n\n<ul class=\"wp-block-list\"><li><a rel=\"noreferrer noopener\" href=\"https:\/\/www.educacionyfp.gob.es\/dam\/jcr:7700f97b-284e-4eca-950e-6bbc22a5e5f3\/resolucion-prov-admitidos.pdf\" target=\"_blank\">Resoluci\u00f3n de listados provisionales<\/a><\/li><li><a rel=\"noreferrer noopener\" href=\"https:\/\/www.educacionyfp.gob.es\/dam\/jcr:6ef02687-ee2f-4755-b54e-79c8b53a8a29\/listado-prov-admitidos-ii-conv-23-24.pdf\" target=\"_blank\">Listado provisional de admitidos<\/a><\/li><li><a rel=\"noreferrer noopener\" href=\"https:\/\/www.educacionyfp.gob.es\/dam\/jcr:236fd7cd-371a-4bc1-80f1-7233c7a13bce\/listado-prov-excl-ii-conv-23-24.pdf\" target=\"_blank\">Listado provisional de excluidos<\/a><\/li><li><a rel=\"noreferrer noopener\" href=\"https:\/\/www.educacionyfp.gob.es\/dam\/jcr:d3274c52-63c8-4760-968f-e45a3494cdb7\/causas-exclusion-modif.pdf\" target=\"_blank\">Causas de exclusi\u00f3n<\/a><\/li><\/ul>\n\n\n\n<p class=\"has-text-align-justify\"><span style=\"text-decoration: underline;\"><em>Plazo de reclamaci\u00f3n<\/em><\/span>: <mark><strong>hasta el lunes 13 de noviembre.<\/strong><\/mark><\/p>\n","protected":false},"excerpt":{"rendered":"<p>Publicadas las listas provisionales de admitidos y excluidos de la II Convocatoria extraordinaria del curso 23\/24: Resoluci\u00f3n de listados provisionales Listado provisional de admitidos Listado provisional de excluidos Causas de exclusi\u00f3n Plazo de reclamaci\u00f3n: hasta el lunes 13 de noviembre.<\/p>\n","protected":false},"author":3,"featured_media":3982,"comment_status":"open","ping_status":"open","sticky":false,"template":"","format":"standard","meta":{"_jetpack_memberships_contains_paid_content":false,"footnotes":""},"categories":[18],"tags":[326,507,328],"class_list":["post-4001","post","type-post","status-publish","format-standard","has-post-thumbnail","hentry","category-ensenanza-publica","tag-ii-convocatoria-extraordinaria","tag-listados-admitidos","tag-listados-provisionales"],"jetpack_featured_media_url":"https:\/\/feteugtmelilla.es\/wp-content\/uploads\/2023\/10\/II-CONVOCATORIA-23.24.jpg","jetpack_sharing_enabled":true,"_links":{"self":[{"href":"https:\/\/feteugtmelilla.es\/index.php?rest_route=\/wp\/v2\/posts\/4001","targetHints":{"allow":["GET"]}}],"collection":[{"href":"https:\/\/feteugtmelilla.es\/index.php?rest_route=\/wp\/v2\/posts"}],"about":[{"href":"https:\/\/feteugtmelilla.es\/index.php?rest_route=\/wp\/v2\/types\/post"}],"author":[{"embeddable":true,"href":"https:\/\/feteugtmelilla.es\/index.php?rest_route=\/wp\/v2\/users\/3"}],"replies":[{"embeddable":true,"href":"https:\/\/feteugtmelilla.es\/index.php?rest_route=%2Fwp%2Fv2%2Fcomments&post=4001"}],"version-history":[{"count":1,"href":"https:\/\/feteugtmelilla.es\/index.php?rest_route=\/wp\/v2\/posts\/4001\/revisions"}],"predecessor-version":[{"id":4002,"href":"https:\/\/feteugtmelilla.es\/index.php?rest_route=\/wp\/v2\/posts\/4001\/revisions\/4002"}],"wp:featuredmedia":[{"embeddable":true,"href":"https:\/\/feteugtmelilla.es\/index.php?rest_route=\/wp\/v2\/media\/3982"}],"wp:attachment":[{"href":"https:\/\/feteugtmelilla.es\/index.php?rest_route=%2Fwp%2Fv2%2Fmedia&parent=4001"}],"wp:term":[{"taxonomy":"category","embeddable":true,"href":"https:\/\/feteugtmelilla.es\/index.php?rest_route=%2Fwp%2Fv2%2Fcategories&post=4001"},{"taxonomy":"post_tag","embeddable":true,"href":"https:\/\/feteugtmelilla.es\/index.php?rest_route=%2Fwp%2Fv2%2Ftags&post=4001"}],"curies":[{"name":"wp","href":"https:\/\/api.w.org\/{rel}","templated":true}]}}