{"id":3989,"date":"2023-11-02T12:49:34","date_gmt":"2023-11-02T11:49:34","guid":{"rendered":"https:\/\/feteugtmelilla.es\/?p=3989"},"modified":"2023-11-02T12:54:33","modified_gmt":"2023-11-02T11:54:33","slug":"formacion-del-profesorado-sobre-el-curriculo-lomloe-2","status":"publish","type":"post","link":"https:\/\/feteugtmelilla.es\/?p=3989","title":{"rendered":"Formaci\u00f3n del profesorado sobre el curr\u00edculo LOMLOE"},"content":{"rendered":"\n<p><strong>Listados definitivos de solicitudes admitidas con adjudicaci\u00f3n de plaza y excluidas con indicaci\u00f3n del motivo:<\/strong><\/p>\n\n\n\n<ul class=\"wp-block-list\"><li>Solicitudes admitidas con adjudicaci\u00f3n de plaza:<ul><li><a rel=\"noreferrer noopener\" href=\"https:\/\/www.educacionyfp.gob.es\/dam\/jcr:e4980156-9c98-4a65-b6bc-676bbc64a0ec\/admitidos-definitivos-del-curriculo-sin-nif.pdf\" target=\"_blank\">Del curr\u00edculo a la pr\u00e1ctica en el aula<\/a><\/li><li><a rel=\"noreferrer noopener\" href=\"https:\/\/www.educacionyfp.gob.es\/dam\/jcr:b9ef36f6-6045-4911-b1a4-c105c78ff553\/admitidos-definitivos-situaciones-sin-nif.pdf\" target=\"_blank\">Situaciones de aprendizaje para el desarrollo de competencias<\/a><\/li><li><a rel=\"noreferrer noopener\" href=\"https:\/\/www.educacionyfp.gob.es\/dam\/jcr:9911d4c3-f8e9-4b5c-a610-e7dc245ec040\/admitidos-definitivos-evaluaciones-sin-nif.pdf\" target=\"_blank\">Evaluaci\u00f3n de competencias a trav\u00e9s del desempe\u00f1o<\/a><\/li><\/ul><\/li><li>Solicitudes excluidas con indicaci\u00f3n del motivo:<ul><li><a rel=\"noreferrer noopener\" href=\"https:\/\/www.educacionyfp.gob.es\/dam\/jcr:8ac972d7-109a-4061-983a-5e089e32be78\/excluidos-definitivos-del-curriculo-sin-nif.pdf\" target=\"_blank\">Del curr\u00edculo a la pr\u00e1ctica en el aula<\/a><\/li><li><a rel=\"noreferrer noopener\" href=\"https:\/\/www.educacionyfp.gob.es\/dam\/jcr:2cba262f-5c74-4e76-a6b5-4034f043758e\/excluidos-definitivos-situaciones-sin-nif.pdf\" target=\"_blank\">Situaciones de aprendizaje para el desarrollo de competencias<\/a><\/li><li><a rel=\"noreferrer noopener\" href=\"https:\/\/www.educacionyfp.gob.es\/dam\/jcr:b5f83b78-849e-4fa5-ba47-ab4ffc1f8a4f\/excluidos-definitivos-evaluaciones-sin-nif.pdf\" target=\"_blank\">Evaluaci\u00f3n de competencias a trav\u00e9s del desempe\u00f1o<\/a><\/li><\/ul><\/li><\/ul>\n\n\n\n<p><\/p>\n","protected":false},"excerpt":{"rendered":"<p>Listados definitivos de solicitudes admitidas con adjudicaci\u00f3n de plaza y excluidas con indicaci\u00f3n del motivo: Solicitudes admitidas con adjudicaci\u00f3n de plaza: Del curr\u00edculo a la pr\u00e1ctica en el aula Situaciones de aprendizaje para el desarrollo de competencias Evaluaci\u00f3n de competencias a trav\u00e9s del desempe\u00f1o Solicitudes excluidas con indicaci\u00f3n del motivo: Del curr\u00edculo a la pr\u00e1ctica [&hellip;]<\/p>\n","protected":false},"author":3,"featured_media":3861,"comment_status":"open","ping_status":"open","sticky":false,"template":"","format":"standard","meta":{"_jetpack_memberships_contains_paid_content":false,"footnotes":""},"categories":[18,10],"tags":[228,227,442,230],"class_list":["post-3989","post","type-post","status-publish","format-standard","has-post-thumbnail","hentry","category-ensenanza-publica","category-formacion","tag-cursos","tag-cursos-homologados","tag-cursos-intef","tag-formacion"],"jetpack_featured_media_url":"https:\/\/feteugtmelilla.es\/wp-content\/uploads\/2023\/08\/LOGO-INTEF-1.png","jetpack_sharing_enabled":true,"_links":{"self":[{"href":"https:\/\/feteugtmelilla.es\/index.php?rest_route=\/wp\/v2\/posts\/3989","targetHints":{"allow":["GET"]}}],"collection":[{"href":"https:\/\/feteugtmelilla.es\/index.php?rest_route=\/wp\/v2\/posts"}],"about":[{"href":"https:\/\/feteugtmelilla.es\/index.php?rest_route=\/wp\/v2\/types\/post"}],"author":[{"embeddable":true,"href":"https:\/\/feteugtmelilla.es\/index.php?rest_route=\/wp\/v2\/users\/3"}],"replies":[{"embeddable":true,"href":"https:\/\/feteugtmelilla.es\/index.php?rest_route=%2Fwp%2Fv2%2Fcomments&post=3989"}],"version-history":[{"count":1,"href":"https:\/\/feteugtmelilla.es\/index.php?rest_route=\/wp\/v2\/posts\/3989\/revisions"}],"predecessor-version":[{"id":3990,"href":"https:\/\/feteugtmelilla.es\/index.php?rest_route=\/wp\/v2\/posts\/3989\/revisions\/3990"}],"wp:featuredmedia":[{"embeddable":true,"href":"https:\/\/feteugtmelilla.es\/index.php?rest_route=\/wp\/v2\/media\/3861"}],"wp:attachment":[{"href":"https:\/\/feteugtmelilla.es\/index.php?rest_route=%2Fwp%2Fv2%2Fmedia&parent=3989"}],"wp:term":[{"taxonomy":"category","embeddable":true,"href":"https:\/\/feteugtmelilla.es\/index.php?rest_route=%2Fwp%2Fv2%2Fcategories&post=3989"},{"taxonomy":"post_tag","embeddable":true,"href":"https:\/\/feteugtmelilla.es\/index.php?rest_route=%2Fwp%2Fv2%2Ftags&post=3989"}],"curies":[{"name":"wp","href":"https:\/\/api.w.org\/{rel}","templated":true}]}}