{"id":3874,"date":"2023-09-15T12:52:32","date_gmt":"2023-09-15T11:52:32","guid":{"rendered":"http:\/\/feteugtmelilla.es\/?p=3874"},"modified":"2023-09-15T13:09:47","modified_gmt":"2023-09-15T12:09:47","slug":"reunion-15-09-2023-sindicatos-dp","status":"publish","type":"post","link":"https:\/\/feteugtmelilla.es\/?p=3874","title":{"rendered":"REUNI\u00d3N 15\/09\/2023 SINDICATOS-DP"},"content":{"rendered":"\n<p class=\"has-text-align-justify\">En el d\u00eda hoy las organizaciones sindicales hemos mantenido una <strong>reuni\u00f3n<\/strong> con los responsables de la DP del Ministerio de Educaci\u00f3n, el que se han tratado los siguientes puntos:<\/p>\n\n\n\n<p class=\"has-text-align-justify\"><strong>I Convocatoria extraordinaria<\/strong>: ya iniciada. Se prev\u00e9 la prueba de <em>Instalaciones electrot\u00e9cnica<\/em>s el pr\u00f3ximo <strong>28 de septiembre<\/strong>.<\/p>\n\n\n\n<p class=\"has-text-align-justify\"><strong>Segunda edici\u00f3n del curso de acreditaci\u00f3n de competencia<\/strong> digital A2 (en preparaci\u00f3n el B1): se realizar\u00e1 <strong>del 25\/09 al 08\/11<\/strong>.<\/p>\n\n\n\n<p class=\"has-text-align-justify\"><strong>Religi\u00f3n Isl\u00e1mica<\/strong>: se ha incorporado nuevo profesorado en IES.<\/p>\n\n\n\n<p class=\"has-text-align-justify\"><strong>Funcionarios en pr\u00e1cticas<\/strong>: publicada <a rel=\"noreferrer noopener\" href=\"https:\/\/www.educacionyfp.gob.es\/dam\/jcr:37e9cda4-a73a-4156-a17a-a7e31087f81e\/3-resolucion-regulacion-fase-practicas-2023.pdf\" target=\"_blank\">Resoluci\u00f3n que regula la Fase de Pr\u00e1cticas<\/a>. Se convocar\u00e1 a los pr\u00e1cticos el <span style=\"text-decoration: underline;\">27 o 28 de septiembre<\/span> para una <strong>reuni\u00f3n informativa<\/strong>, estando prevista la <strong>formaci\u00f3n a finales de enero<\/strong>.<\/p>\n\n\n\n<p class=\"has-text-align-justify\"><strong>EBAU<\/strong>: se adelantan las pruebas este curso a la <strong>primera semana de junio<\/strong>.<\/p>\n\n\n\n<p class=\"has-text-align-justify\"><strong>Nuevos permisos retribuidos<\/strong>: se est\u00e1 a la espera de las instrucciones definitivas por parte de la S. G. de Personal, en la que se concreten al \u00e1mbito educativo.<\/p>\n\n\n\n<p class=\"has-text-align-justify\"><strong>Aulas Modulares<\/strong>: trasladados al nuevo centro Encarna Le\u00f3n, se utilizar\u00e1 dicho espacio, por parte de la CAM, para la creaci\u00f3n de nuevas aulas 0-3.<\/p>\n\n\n\n<p class=\"has-text-align-justify\"><strong>Aulas Abiertas<\/strong>: se ha publicado en BOE la creaci\u00f3n de una nueva aula espec\u00edfica en el <em>CEIP Le\u00f3n Sol\u00e1<\/em>, y se han puesto en marcha igualmente en los centros <em>Pintor Eduardo Morillas, Espa\u00f1a, Vel\u00e1zquez y Leopoldo Queipo<\/em>, a la espera de su formalizaci\u00f3n en bolet\u00edn. Todas estas de suman a las ya existentes en los centros Pedro de Estopi\u00f1\u00e1n, Reyes Cat\u00f3licos,  Juan Caro, Virgen de la Victoria, Juan Antonio Fern\u00e1ndez y Enrique Nieto.<\/p>\n\n\n\n<p class=\"has-text-align-justify\"><strong>Integraci\u00f3n al Cuerpo de Secundaria<\/strong>: Hemos pedido desde UGT <em>que se abone la diferencia salarial a\u00fan pendiente, as\u00ed como se estimen las reclamaciones del profesorado interino en el mismo sentido<\/em>.<\/p>\n","protected":false},"excerpt":{"rendered":"<p>En el d\u00eda hoy las organizaciones sindicales hemos mantenido una reuni\u00f3n con los responsables de la DP del Ministerio de Educaci\u00f3n, el que se han tratado los siguientes puntos: I Convocatoria extraordinaria: ya iniciada. Se prev\u00e9 la prueba de Instalaciones electrot\u00e9cnicas el pr\u00f3ximo 28 de septiembre. Segunda edici\u00f3n del curso de acreditaci\u00f3n de competencia digital [&hellip;]<\/p>\n","protected":false},"author":3,"featured_media":1669,"comment_status":"open","ping_status":"open","sticky":false,"template":"","format":"standard","meta":{"_jetpack_memberships_contains_paid_content":false,"footnotes":""},"categories":[18],"tags":[223,337,265],"class_list":["post-3874","post","type-post","status-publish","format-standard","has-post-thumbnail","hentry","category-ensenanza-publica","tag-reunion","tag-reunion-dp","tag-reunion-sindicatos"],"jetpack_featured_media_url":"https:\/\/feteugtmelilla.es\/wp-content\/uploads\/2020\/04\/UGT-INFORMA11-550.jpg","jetpack_sharing_enabled":true,"_links":{"self":[{"href":"https:\/\/feteugtmelilla.es\/index.php?rest_route=\/wp\/v2\/posts\/3874","targetHints":{"allow":["GET"]}}],"collection":[{"href":"https:\/\/feteugtmelilla.es\/index.php?rest_route=\/wp\/v2\/posts"}],"about":[{"href":"https:\/\/feteugtmelilla.es\/index.php?rest_route=\/wp\/v2\/types\/post"}],"author":[{"embeddable":true,"href":"https:\/\/feteugtmelilla.es\/index.php?rest_route=\/wp\/v2\/users\/3"}],"replies":[{"embeddable":true,"href":"https:\/\/feteugtmelilla.es\/index.php?rest_route=%2Fwp%2Fv2%2Fcomments&post=3874"}],"version-history":[{"count":4,"href":"https:\/\/feteugtmelilla.es\/index.php?rest_route=\/wp\/v2\/posts\/3874\/revisions"}],"predecessor-version":[{"id":3879,"href":"https:\/\/feteugtmelilla.es\/index.php?rest_route=\/wp\/v2\/posts\/3874\/revisions\/3879"}],"wp:featuredmedia":[{"embeddable":true,"href":"https:\/\/feteugtmelilla.es\/index.php?rest_route=\/wp\/v2\/media\/1669"}],"wp:attachment":[{"href":"https:\/\/feteugtmelilla.es\/index.php?rest_route=%2Fwp%2Fv2%2Fmedia&parent=3874"}],"wp:term":[{"taxonomy":"category","embeddable":true,"href":"https:\/\/feteugtmelilla.es\/index.php?rest_route=%2Fwp%2Fv2%2Fcategories&post=3874"},{"taxonomy":"post_tag","embeddable":true,"href":"https:\/\/feteugtmelilla.es\/index.php?rest_route=%2Fwp%2Fv2%2Ftags&post=3874"}],"curies":[{"name":"wp","href":"https:\/\/api.w.org\/{rel}","templated":true}]}}