{"id":3835,"date":"2023-07-26T18:02:26","date_gmt":"2023-07-26T17:02:26","guid":{"rendered":"http:\/\/feteugtmelilla.es\/?p=3835"},"modified":"2023-07-26T18:02:29","modified_gmt":"2023-07-26T17:02:29","slug":"especialidades-no-convocadas-baremos-definitivos","status":"publish","type":"post","link":"https:\/\/feteugtmelilla.es\/?p=3835","title":{"rendered":"ESPECIALIDADES NO CONVOCADAS: BAREMOS DEFINITIVOS"},"content":{"rendered":"\n<p>Finalizado el plazo de reclamaci\u00f3n, se han hecho p\u00fablicos los <strong>listados definitivos de aquellas especialidades <mark>no convocadas<\/mark><\/strong> a Oposici\u00f3n.<\/p>\n\n\n\n<p>Acceso al <a href=\"https:\/\/www.educacionyfp.gob.es\/servicios-al-ciudadano\/catalogo\/general\/20\/204771\/melilla.html\" target=\"_blank\" rel=\"noreferrer noopener\"><span style=\"text-decoration: underline;\">tr\u00e1mite<\/span><\/a> (hay que seleccionar el procedimiento correspondiente y consultar al final de la p\u00e1gina).<\/p>\n","protected":false},"excerpt":{"rendered":"<p>Finalizado el plazo de reclamaci\u00f3n, se han hecho p\u00fablicos los listados definitivos de aquellas especialidades no convocadas a Oposici\u00f3n. Acceso al tr\u00e1mite (hay que seleccionar el procedimiento correspondiente y consultar al final de la p\u00e1gina).<\/p>\n","protected":false},"author":3,"featured_media":3713,"comment_status":"open","ping_status":"open","sticky":false,"template":"","format":"standard","meta":{"_jetpack_memberships_contains_paid_content":false,"footnotes":""},"categories":[18],"tags":[93,515,267],"class_list":["post-3835","post","type-post","status-publish","format-standard","has-post-thumbnail","hentry","category-ensenanza-publica","tag-interinos","tag-listas-definitivas","tag-listas-interinos"],"jetpack_featured_media_url":"https:\/\/feteugtmelilla.es\/wp-content\/uploads\/2023\/05\/logofspmelilla.png","jetpack_sharing_enabled":true,"_links":{"self":[{"href":"https:\/\/feteugtmelilla.es\/index.php?rest_route=\/wp\/v2\/posts\/3835","targetHints":{"allow":["GET"]}}],"collection":[{"href":"https:\/\/feteugtmelilla.es\/index.php?rest_route=\/wp\/v2\/posts"}],"about":[{"href":"https:\/\/feteugtmelilla.es\/index.php?rest_route=\/wp\/v2\/types\/post"}],"author":[{"embeddable":true,"href":"https:\/\/feteugtmelilla.es\/index.php?rest_route=\/wp\/v2\/users\/3"}],"replies":[{"embeddable":true,"href":"https:\/\/feteugtmelilla.es\/index.php?rest_route=%2Fwp%2Fv2%2Fcomments&post=3835"}],"version-history":[{"count":1,"href":"https:\/\/feteugtmelilla.es\/index.php?rest_route=\/wp\/v2\/posts\/3835\/revisions"}],"predecessor-version":[{"id":3836,"href":"https:\/\/feteugtmelilla.es\/index.php?rest_route=\/wp\/v2\/posts\/3835\/revisions\/3836"}],"wp:featuredmedia":[{"embeddable":true,"href":"https:\/\/feteugtmelilla.es\/index.php?rest_route=\/wp\/v2\/media\/3713"}],"wp:attachment":[{"href":"https:\/\/feteugtmelilla.es\/index.php?rest_route=%2Fwp%2Fv2%2Fmedia&parent=3835"}],"wp:term":[{"taxonomy":"category","embeddable":true,"href":"https:\/\/feteugtmelilla.es\/index.php?rest_route=%2Fwp%2Fv2%2Fcategories&post=3835"},{"taxonomy":"post_tag","embeddable":true,"href":"https:\/\/feteugtmelilla.es\/index.php?rest_route=%2Fwp%2Fv2%2Ftags&post=3835"}],"curies":[{"name":"wp","href":"https:\/\/api.w.org\/{rel}","templated":true}]}}