{"id":3712,"date":"2023-05-03T18:45:02","date_gmt":"2023-05-03T17:45:02","guid":{"rendered":"https:\/\/feteugtmelilla.es\/?p=3712"},"modified":"2023-05-03T18:45:06","modified_gmt":"2023-05-03T17:45:06","slug":"el-ministerio-de-educacion-y-formacion-profesional-incumple-el-compromiso-de-la-constitucion-de-la-mesa-que-establece-la-disposicion-adicional-vigesimonovena-de-la-lomloe","status":"publish","type":"post","link":"https:\/\/feteugtmelilla.es\/?p=3712","title":{"rendered":"El Ministerio de Educaci\u00f3n y Formaci\u00f3n Profesional, incumple el compromiso de la constituci\u00f3n de la Mesa que establece la Disposici\u00f3n adicional vigesimonovena de la LOMLOE"},"content":{"rendered":"\n<p>El Ministerio de Educaci\u00f3n y Formaci\u00f3n Profesional, incumple el compromiso de iniciar los trabajos de constituci\u00f3n de la Mesa de estudio de los m\u00f3dulos de concierto para valorar el coste total de la impartici\u00f3n de la ense\u00f1anza en condiciones de gratuidad, tal como se establece en la Disposici\u00f3n Adicional vigesimonovena de la LOMLOE.<\/p>\n\n\n\n<p>Como se recordar\u00e1, la Disposici\u00f3n adicional vigesimonovena de la LOMLOE establece:<\/p>\n\n\n\n<p><em><u>Disposici\u00f3n adicional vigesimonovena. Fijaci\u00f3n del importe de los m\u00f3dulos.<\/u><\/em><\/p>\n\n\n\n<p><em>1. Durante el periodo al que se refiere la disposici\u00f3n adicional primera de la presente Ley, se proceder\u00e1 a la fijaci\u00f3n de los importes de los m\u00f3dulos econ\u00f3micos establecidos, de acuerdo con el art\u00edculo 117, en funci\u00f3n de la implantaci\u00f3n de las ense\u00f1anzas que ordena la presente Ley.<\/em><\/p>\n\n\n\n<p><em>2. En el seno de la Conferencia Sectorial se constituir\u00e1 una comisi\u00f3n, en la que participar\u00e1n las organizaciones empresariales y sindicales m\u00e1s representativas en el \u00e1mbito de la ense\u00f1anza privada concertada, para el estudio de la cuant\u00eda de los m\u00f3dulos de concierto que valore el coste total de la impartici\u00f3n de las ense\u00f1anzas en condiciones de gratuidad. Sus conclusiones deber\u00e1n incorporarse en el plan de incremento del gasto p\u00fablico previsto en el art\u00edculo 155.2 y contemplado en la disposici\u00f3n adicional octava de la presente Ley.<\/em> Asimismo, UGT Servicios P\u00fablicos muestra un especial malestar por este incumplimiento del propio Ministerio de Educaci\u00f3n ya que su Secretario de Estado, se comprometi\u00f3 con UGT en un encuentro bilateral entre el Ministerio y la propia UGT el pasado 16 de enero a su convocatoria antes <\/p>\n\n\n\n<p>de la finalizaci\u00f3n del primer trimestre de 2.023 y estamos ya en mayo. Por tanto, el Ministerio de Educaci\u00f3n ha incumplido su compromiso.<\/p>\n\n\n\n<p>Para UGT, la constituci\u00f3n de la mesa tiene una importancia capital para el futuro pr\u00f3ximo de la Ense\u00f1anza Concertada y de sus trabajadores por las siguientes razones:<\/p>\n\n\n\n<ul class=\"wp-block-list\"><li>De una parte, porque \u00fanicamente estudiando con detalle los m\u00f3dulos de concierto se podr\u00e1 valorar el coste total de la impartici\u00f3n de la ense\u00f1anza en condiciones de gratuidad.<\/li><li>Segundo, porque UGT sostiene que los trabajos que resulten de dicha Mesa deben formar parte del articulado del nuevo Real Decreto de Conciertos, con el \u00fanico objetivo de garantizar unos m\u00f3dulos anuales ajustados para tal fin y que sean revisables en orden a los criterios objetivos.<\/li><li>Asimismo, porque el mantenimiento de la disposici\u00f3n adicional vigesimonovena fue una apuesta firme de UGT durante la tramitaci\u00f3n de la ley y ahora ya es un mandato de la propia LOMLOE. No olvidemos que, frente a la enmienda a la totalidad de parte de la comunidad educativa, UGT Servicios P\u00fablicos se mostr\u00f3 cr\u00edtico pero propositivo y esta disposici\u00f3n fue apuesta del sindicato.<\/li><\/ul>\n\n\n\n<p>En definitiva, UGT Servicios P\u00fablicos exige al Ministerio de Educaci\u00f3n y Formaci\u00f3n Profesional la convocatoria urgente de la comisi\u00f3n para el estudio de la cuant\u00eda de los m\u00f3dulos de concierto que valore el coste total de la impartici\u00f3n de las ense\u00f1anzas en condiciones de gratuidad tal y como dice la LOMLOE y como se comprometi\u00f3 con UGT.<\/p>\n","protected":false},"excerpt":{"rendered":"<p>El Ministerio de Educaci\u00f3n y Formaci\u00f3n Profesional, incumple el compromiso de iniciar los trabajos de constituci\u00f3n de la Mesa de estudio de los m\u00f3dulos de concierto para valorar el coste total de la impartici\u00f3n de la ense\u00f1anza en condiciones de gratuidad, tal como se establece en la Disposici\u00f3n Adicional vigesimonovena de la LOMLOE. Como se [&hellip;]<\/p>\n","protected":false},"author":5,"featured_media":3713,"comment_status":"open","ping_status":"open","sticky":false,"template":"","format":"standard","meta":{"_jetpack_memberships_contains_paid_content":false,"footnotes":""},"categories":[7,17],"tags":[505],"class_list":["post-3712","post","type-post","status-publish","format-standard","has-post-thumbnail","hentry","category-ensenanza-privada","category-noticias","tag-ensenanzaconcertada"],"jetpack_featured_media_url":"https:\/\/feteugtmelilla.es\/wp-content\/uploads\/2023\/05\/logofspmelilla.png","jetpack_sharing_enabled":true,"_links":{"self":[{"href":"https:\/\/feteugtmelilla.es\/index.php?rest_route=\/wp\/v2\/posts\/3712","targetHints":{"allow":["GET"]}}],"collection":[{"href":"https:\/\/feteugtmelilla.es\/index.php?rest_route=\/wp\/v2\/posts"}],"about":[{"href":"https:\/\/feteugtmelilla.es\/index.php?rest_route=\/wp\/v2\/types\/post"}],"author":[{"embeddable":true,"href":"https:\/\/feteugtmelilla.es\/index.php?rest_route=\/wp\/v2\/users\/5"}],"replies":[{"embeddable":true,"href":"https:\/\/feteugtmelilla.es\/index.php?rest_route=%2Fwp%2Fv2%2Fcomments&post=3712"}],"version-history":[{"count":1,"href":"https:\/\/feteugtmelilla.es\/index.php?rest_route=\/wp\/v2\/posts\/3712\/revisions"}],"predecessor-version":[{"id":3714,"href":"https:\/\/feteugtmelilla.es\/index.php?rest_route=\/wp\/v2\/posts\/3712\/revisions\/3714"}],"wp:featuredmedia":[{"embeddable":true,"href":"https:\/\/feteugtmelilla.es\/index.php?rest_route=\/wp\/v2\/media\/3713"}],"wp:attachment":[{"href":"https:\/\/feteugtmelilla.es\/index.php?rest_route=%2Fwp%2Fv2%2Fmedia&parent=3712"}],"wp:term":[{"taxonomy":"category","embeddable":true,"href":"https:\/\/feteugtmelilla.es\/index.php?rest_route=%2Fwp%2Fv2%2Fcategories&post=3712"},{"taxonomy":"post_tag","embeddable":true,"href":"https:\/\/feteugtmelilla.es\/index.php?rest_route=%2Fwp%2Fv2%2Ftags&post=3712"}],"curies":[{"name":"wp","href":"https:\/\/api.w.org\/{rel}","templated":true}]}}