{"id":3479,"date":"2023-01-27T21:08:54","date_gmt":"2023-01-27T20:08:54","guid":{"rendered":"http:\/\/feteugtmelilla.es\/?p=3479"},"modified":"2023-01-27T21:08:57","modified_gmt":"2023-01-27T20:08:57","slug":"marruecos-convocatoria-interinos-curso-23-24","status":"publish","type":"post","link":"https:\/\/feteugtmelilla.es\/?p=3479","title":{"rendered":"MARRUECOS: CONVOCATORIA INTERINOS CURSO 23\/24"},"content":{"rendered":"\n<p class=\"has-text-align-justify\"><em><span style=\"text-decoration: underline;\">Convocatoria de la Consejer\u00eda de Educaci\u00f3n en Marruecos para la formaci\u00f3n de las listas de aspirantes a desempe\u00f1ar puestos en <mark>r\u00e9gimen de interinidad <\/mark>de diversos Cuerpos y especialidades<\/span><\/em>:<\/p>\n\n\n\n<p><em>Plazo de presentaci\u00f3n de solicitudes<\/em>: <strong>Hasta el 09 de febrero de 2023 a las 23:59<\/strong>.<\/p>\n\n\n\n<ul class=\"wp-block-list\"><li><a rel=\"noreferrer noopener\" href=\"https:\/\/www.educacionyfp.gob.es\/dam\/jcr:5de89811-7f97-4df2-a177-bb44c0ccdb2a\/interinos2023-convocatoria.pdf\" target=\"_blank\">Convocatoria.<\/a><\/li><li>Especialidades convocadas<\/li><\/ul>\n\n\n\n<figure class=\"wp-block-image size-large\"><img decoding=\"async\" src=\"http:\/\/feteugtmelilla.es\/wp-content\/uploads\/2023\/01\/Screenshot_2023-01-27-20-34-59-679_com.google.android.apps_.docs_-461x1024.jpg\" alt=\"\" class=\"wp-image-3482\"\/><\/figure>\n\n\n\n<p><a rel=\"noreferrer noopener\" href=\"https:\/\/www.educacionyfp.gob.es\/servicios-al-ciudadano\/catalogo\/general\/20\/200334\/marruecos\/200334-marruecos-2023-2024.html\" target=\"_blank\">Acceso al procedimiento en la sede electr\u00f3nica.<\/a><\/p>\n\n\n\n<p><\/p>\n","protected":false},"excerpt":{"rendered":"<p>Convocatoria de la Consejer\u00eda de Educaci\u00f3n en Marruecos para la formaci\u00f3n de las listas de aspirantes a desempe\u00f1ar puestos en r\u00e9gimen de interinidad de diversos Cuerpos y especialidades: Plazo de presentaci\u00f3n de solicitudes: Hasta el 09 de febrero de 2023 a las 23:59. Convocatoria. Especialidades convocadas Acceso al procedimiento en la sede electr\u00f3nica.<\/p>\n","protected":false},"author":3,"featured_media":2196,"comment_status":"open","ping_status":"open","sticky":false,"template":"","format":"standard","meta":{"_jetpack_memberships_contains_paid_content":false,"footnotes":""},"categories":[18],"tags":[235,202,494],"class_list":["post-3479","post","type-post","status-publish","format-standard","has-post-thumbnail","hentry","category-ensenanza-publica","tag-interinos-exterior","tag-marruecos","tag-marruecos-2023-2024"],"jetpack_featured_media_url":"https:\/\/feteugtmelilla.es\/wp-content\/uploads\/2021\/02\/bandera-marruecos.jpg","jetpack_sharing_enabled":true,"_links":{"self":[{"href":"https:\/\/feteugtmelilla.es\/index.php?rest_route=\/wp\/v2\/posts\/3479","targetHints":{"allow":["GET"]}}],"collection":[{"href":"https:\/\/feteugtmelilla.es\/index.php?rest_route=\/wp\/v2\/posts"}],"about":[{"href":"https:\/\/feteugtmelilla.es\/index.php?rest_route=\/wp\/v2\/types\/post"}],"author":[{"embeddable":true,"href":"https:\/\/feteugtmelilla.es\/index.php?rest_route=\/wp\/v2\/users\/3"}],"replies":[{"embeddable":true,"href":"https:\/\/feteugtmelilla.es\/index.php?rest_route=%2Fwp%2Fv2%2Fcomments&post=3479"}],"version-history":[{"count":4,"href":"https:\/\/feteugtmelilla.es\/index.php?rest_route=\/wp\/v2\/posts\/3479\/revisions"}],"predecessor-version":[{"id":3484,"href":"https:\/\/feteugtmelilla.es\/index.php?rest_route=\/wp\/v2\/posts\/3479\/revisions\/3484"}],"wp:featuredmedia":[{"embeddable":true,"href":"https:\/\/feteugtmelilla.es\/index.php?rest_route=\/wp\/v2\/media\/2196"}],"wp:attachment":[{"href":"https:\/\/feteugtmelilla.es\/index.php?rest_route=%2Fwp%2Fv2%2Fmedia&parent=3479"}],"wp:term":[{"taxonomy":"category","embeddable":true,"href":"https:\/\/feteugtmelilla.es\/index.php?rest_route=%2Fwp%2Fv2%2Fcategories&post=3479"},{"taxonomy":"post_tag","embeddable":true,"href":"https:\/\/feteugtmelilla.es\/index.php?rest_route=%2Fwp%2Fv2%2Ftags&post=3479"}],"curies":[{"name":"wp","href":"https:\/\/api.w.org\/{rel}","templated":true}]}}