{"id":3139,"date":"2022-09-13T12:02:20","date_gmt":"2022-09-13T11:02:20","guid":{"rendered":"http:\/\/feteugtmelilla.es\/?p=3139"},"modified":"2022-09-13T12:02:23","modified_gmt":"2022-09-13T11:02:23","slug":"fechas-tribunales-y-caracteristicas-de-pruebas","status":"publish","type":"post","link":"https:\/\/feteugtmelilla.es\/?p=3139","title":{"rendered":"Fechas, tribunales y caracter\u00edsticas de pruebas"},"content":{"rendered":"\n<p>Publicadas las <strong>fechas, tribunales y caracter\u00edsticas de pruebas<\/strong> de algunas especialidades de la I convocatoria extraordinaria:<\/p>\n\n\n\n<ul class=\"wp-block-list\"><li><a rel=\"noreferrer noopener\" href=\"https:\/\/www.educacionyfp.gob.es\/dam\/jcr:48b85859-91b5-495c-ad6f-b0a9f955e1c3\/fecha-mantenimiento-vehic-iconv-22-23.pdf\" target=\"_blank\">Mantenimiento de veh\u00edculos<\/a><\/li><li><a rel=\"noreferrer noopener\" href=\"https:\/\/www.educacionyfp.gob.es\/dam\/jcr:66d94cb2-a25e-4d6f-9ea6-c53ebf51dff3\/fecha-org-mantenimiento-vehic-iconv-22-23.pdf\" target=\"_blank\">Organizaci\u00f3n y procesos de mantenimiento de veh\u00edculos<\/a><\/li><li><a rel=\"noreferrer noopener\" href=\"https:\/\/www.educacionyfp.gob.es\/dam\/jcr:5537584c-47e5-419d-ae5e-636ff04e065e\/fecha-procesos-sanitarios-iconv-22-23.pdf\" target=\"_blank\">Procesos sanitarios<\/a><\/li><li><a rel=\"noreferrer noopener\" href=\"https:\/\/www.educacionyfp.gob.es\/dam\/jcr:d357893a-a5ce-461b-b960-f19998cdde50\/fecha-sistemas-electrot-iconv-22-23.pdf\" target=\"_blank\">Sistemas electrot\u00e9cnicos y autom\u00e1ticos<\/a><\/li><li><a rel=\"noreferrer noopener\" href=\"https:\/\/www.educacionyfp.gob.es\/dam\/jcr:c7c38918-bd68-40e0-aad0-19fc351a512a\/fecha-informatica-iconv-22-23.pdf\" target=\"_blank\">Inform\u00e1tica<\/a>\u00a0<\/li><li><a rel=\"noreferrer noopener\" href=\"https:\/\/www.educacionyfp.gob.es\/dam\/jcr:9ab8b16a-8861-4ba7-8aff-65bfbba5d17c\/fecha-informatica-suplente-iconv-22-23.pdf\" target=\"_blank\">Tribunal suplente Inform\u00e1tica<\/a><\/li><li><a rel=\"noreferrer noopener\" href=\"https:\/\/www.educacionyfp.gob.es\/dam\/jcr:3a0dd2b8-bc81-4add-acc1-a9880a39fb78\/fecha-sistemas-aplic-informaticas-iconv-22-23.pdf\" target=\"_blank\">Sistemas y aplicaciones inform\u00e1ticas<\/a><\/li><li><a rel=\"noreferrer noopener\" href=\"https:\/\/www.educacionyfp.gob.es\/dam\/jcr:b8453cea-5582-40c0-962a-2c1bfcb1fe54\/fecha-matematicas-iconv-22-23.pdf\" target=\"_blank\">Matem\u00e1ticas<\/a><\/li><\/ul>\n","protected":false},"excerpt":{"rendered":"<p>Publicadas las fechas, tribunales y caracter\u00edsticas de pruebas de algunas especialidades de la I convocatoria extraordinaria: Mantenimiento de veh\u00edculos Organizaci\u00f3n y procesos de mantenimiento de veh\u00edculos Procesos sanitarios Sistemas electrot\u00e9cnicos y autom\u00e1ticos Inform\u00e1tica\u00a0 Tribunal suplente Inform\u00e1tica Sistemas y aplicaciones inform\u00e1ticas Matem\u00e1ticas<\/p>\n","protected":false},"author":3,"featured_media":0,"comment_status":"open","ping_status":"open","sticky":false,"template":"","format":"standard","meta":{"_jetpack_memberships_contains_paid_content":false,"footnotes":""},"categories":[18],"tags":[304,455],"class_list":["post-3139","post","type-post","status-publish","format-standard","hentry","category-ensenanza-publica","tag-i-convocatoria-extraordinaria","tag-i-convocatoria-extraordinaria-22-23"],"jetpack_featured_media_url":"","jetpack_sharing_enabled":true,"_links":{"self":[{"href":"https:\/\/feteugtmelilla.es\/index.php?rest_route=\/wp\/v2\/posts\/3139","targetHints":{"allow":["GET"]}}],"collection":[{"href":"https:\/\/feteugtmelilla.es\/index.php?rest_route=\/wp\/v2\/posts"}],"about":[{"href":"https:\/\/feteugtmelilla.es\/index.php?rest_route=\/wp\/v2\/types\/post"}],"author":[{"embeddable":true,"href":"https:\/\/feteugtmelilla.es\/index.php?rest_route=\/wp\/v2\/users\/3"}],"replies":[{"embeddable":true,"href":"https:\/\/feteugtmelilla.es\/index.php?rest_route=%2Fwp%2Fv2%2Fcomments&post=3139"}],"version-history":[{"count":3,"href":"https:\/\/feteugtmelilla.es\/index.php?rest_route=\/wp\/v2\/posts\/3139\/revisions"}],"predecessor-version":[{"id":3267,"href":"https:\/\/feteugtmelilla.es\/index.php?rest_route=\/wp\/v2\/posts\/3139\/revisions\/3267"}],"wp:attachment":[{"href":"https:\/\/feteugtmelilla.es\/index.php?rest_route=%2Fwp%2Fv2%2Fmedia&parent=3139"}],"wp:term":[{"taxonomy":"category","embeddable":true,"href":"https:\/\/feteugtmelilla.es\/index.php?rest_route=%2Fwp%2Fv2%2Fcategories&post=3139"},{"taxonomy":"post_tag","embeddable":true,"href":"https:\/\/feteugtmelilla.es\/index.php?rest_route=%2Fwp%2Fv2%2Ftags&post=3139"}],"curies":[{"name":"wp","href":"https:\/\/api.w.org\/{rel}","templated":true}]}}