{"id":3128,"date":"2022-09-12T13:04:41","date_gmt":"2022-09-12T12:04:41","guid":{"rendered":"http:\/\/feteugtmelilla.es\/?p=3128"},"modified":"2022-09-12T13:23:03","modified_gmt":"2022-09-12T12:23:03","slug":"segunda-adjudicacio-resolucion-definitiva","status":"publish","type":"post","link":"https:\/\/feteugtmelilla.es\/?p=3128","title":{"rendered":"SEGUNDA ADJUDICACI\u00d3N: RESOLUCI\u00d3N DEFINITIVA"},"content":{"rendered":"\n<p>Finalizado el plazo de reclamaci\u00f3n, se ha hecho p\u00fablica la&nbsp;<strong>adjudicaci\u00f3n de vacantes definitiva<\/strong>.<\/p>\n\n\n\n<ul class=\"wp-block-list\"><li><a rel=\"noreferrer noopener\" href=\"https:\/\/www.educacionyfp.gob.es\/dam\/jcr:24703fd2-8d13-4257-9571-fa7d779a700f\/resolucion-def-segunda-adjud-vacantes22-23.pdf\" target=\"_blank\">Resoluci\u00f3n de la relaci\u00f3n definitiva de vacantes adjudicadas<\/a><\/li><li><a href=\"http:\/\/feteugtmelilla.es\/wp-content\/uploads\/2022\/09\/listado-segunda-adjud-def-vacantes22-23.pdf\" target=\"_blank\" rel=\"noreferrer noopener\">Relaci\u00f3n definitiva de la segunda adjudicaci\u00f3n<\/a><\/li><\/ul>\n\n\n\n<p>Desde la publicaci\u00f3n de la presente Resoluci\u00f3n, se establece el <strong><span style=\"text-decoration: underline;\">plazo hasta las 08:00 horas del 13 o 14 de septiembre <\/span><\/strong>(en funci\u00f3n del d\u00eda elegido para la incorporaci\u00f3n), para la entrega de los documentos reflejados en las instrucciones.<\/p>\n\n\n\n<p>La&nbsp;<mark>documentaci\u00f3n a aportar<\/mark>&nbsp;es:<\/p>\n\n\n\n<ul class=\"wp-block-list\"><li><a rel=\"noreferrer noopener\" href=\"https:\/\/www.educacionyfp.gob.es\/dam\/jcr:eab73dc3-77d5-43b7-8219-e5ebf2548cc7\/nuevo-formulario-alta2.pdf\" target=\"_blank\">Formulario de alta<\/a>, fotocopia de la tarjeta de afiliaci\u00f3n a la Seguridad Social y&nbsp;<a rel=\"noreferrer noopener\" href=\"https:\/\/sede.mjusticia.gob.es\/es\/tramites\/certificado-registro-central\" target=\"_blank\">Certificaci\u00f3n negativa del Registro Central de Delincuentes Sexuales<\/a>.<\/li><li>Adem\u00e1s, para los interinos de nuevo ingreso:&nbsp;fotocopia de la titulaci\u00f3n requerida y Fotocopia del CAP\/M\u00e1ster MAES o documentaci\u00f3n que acredite la formaci\u00f3n pedag\u00f3gica, cuando proceda.<\/li><\/ul>\n\n\n\n<p><strong>Toda la documentaci\u00f3n debe aportarse por el&nbsp;<a rel=\"noreferrer noopener\" href=\"https:\/\/rec.redsara.es\/registro\/action\/are\/acceso.do\" target=\"_blank\">Registro Electr\u00f3nico Com\u00fan<\/a><\/strong>, para lo que es necesario disponer de certificado digital o DNIe y el programa&nbsp;<a rel=\"noreferrer noopener\" href=\"https:\/\/firmaelectronica.gob.es\/Home\/Descargas.html\" target=\"_blank\">autofirma<\/a>.<\/p>\n\n\n\n<p>Se estabelce la OBLIGATORIEDAD DE INCORPORACI\u00d3N de los interesados al centro asignado con fecha 13 o 14 de septiembre de 2022 (en funci\u00f3n de las posibilidades de incorporaci\u00f3n del docente)<\/p>\n","protected":false},"excerpt":{"rendered":"<p>Finalizado el plazo de reclamaci\u00f3n, se ha hecho p\u00fablica la&nbsp;adjudicaci\u00f3n de vacantes definitiva. Resoluci\u00f3n de la relaci\u00f3n definitiva de vacantes adjudicadas Relaci\u00f3n definitiva de la segunda adjudicaci\u00f3n Desde la publicaci\u00f3n de la presente Resoluci\u00f3n, se establece el plazo hasta las 08:00 horas del 13 o 14 de septiembre (en funci\u00f3n del d\u00eda elegido para la [&hellip;]<\/p>\n","protected":false},"author":3,"featured_media":1669,"comment_status":"open","ping_status":"open","sticky":false,"template":"","format":"standard","meta":{"_jetpack_memberships_contains_paid_content":false,"footnotes":""},"categories":[18],"tags":[456],"class_list":["post-3128","post","type-post","status-publish","format-standard","has-post-thumbnail","hentry","category-ensenanza-publica","tag-segunda-adjuficacion"],"jetpack_featured_media_url":"https:\/\/feteugtmelilla.es\/wp-content\/uploads\/2020\/04\/UGT-INFORMA11-550.jpg","jetpack_sharing_enabled":true,"_links":{"self":[{"href":"https:\/\/feteugtmelilla.es\/index.php?rest_route=\/wp\/v2\/posts\/3128","targetHints":{"allow":["GET"]}}],"collection":[{"href":"https:\/\/feteugtmelilla.es\/index.php?rest_route=\/wp\/v2\/posts"}],"about":[{"href":"https:\/\/feteugtmelilla.es\/index.php?rest_route=\/wp\/v2\/types\/post"}],"author":[{"embeddable":true,"href":"https:\/\/feteugtmelilla.es\/index.php?rest_route=\/wp\/v2\/users\/3"}],"replies":[{"embeddable":true,"href":"https:\/\/feteugtmelilla.es\/index.php?rest_route=%2Fwp%2Fv2%2Fcomments&post=3128"}],"version-history":[{"count":5,"href":"https:\/\/feteugtmelilla.es\/index.php?rest_route=\/wp\/v2\/posts\/3128\/revisions"}],"predecessor-version":[{"id":3138,"href":"https:\/\/feteugtmelilla.es\/index.php?rest_route=\/wp\/v2\/posts\/3128\/revisions\/3138"}],"wp:featuredmedia":[{"embeddable":true,"href":"https:\/\/feteugtmelilla.es\/index.php?rest_route=\/wp\/v2\/media\/1669"}],"wp:attachment":[{"href":"https:\/\/feteugtmelilla.es\/index.php?rest_route=%2Fwp%2Fv2%2Fmedia&parent=3128"}],"wp:term":[{"taxonomy":"category","embeddable":true,"href":"https:\/\/feteugtmelilla.es\/index.php?rest_route=%2Fwp%2Fv2%2Fcategories&post=3128"},{"taxonomy":"post_tag","embeddable":true,"href":"https:\/\/feteugtmelilla.es\/index.php?rest_route=%2Fwp%2Fv2%2Ftags&post=3128"}],"curies":[{"name":"wp","href":"https:\/\/api.w.org\/{rel}","templated":true}]}}