{"id":3124,"date":"2022-09-07T18:26:56","date_gmt":"2022-09-07T17:26:56","guid":{"rendered":"http:\/\/feteugtmelilla.es\/?p=3124"},"modified":"2022-09-07T18:26:59","modified_gmt":"2022-09-07T17:26:59","slug":"i-convocatoria-extraordinaria-listados-provisionales","status":"publish","type":"post","link":"https:\/\/feteugtmelilla.es\/?p=3124","title":{"rendered":"I CONVOCATORIA EXTRAORDINARIA: LISTADOS PROVISIONALES"},"content":{"rendered":"\n<p><a rel=\"noreferrer noopener\" href=\"https:\/\/www.educacionyfp.gob.es\/dam\/jcr:39eeb151-02bc-45f3-810c-1d9240a8643f\/resolucion-prov-iconv-22-23.pdf\" target=\"_blank\"><br><\/a>Publicada la relaci\u00f3n provisional de admitidos y excluidos a la <em>I convocatoria extraordinaria para el curso 22\/23<\/em>.  El <span style=\"text-decoration: underline;\">plazo de reclamaci\u00f3n<\/span> es hasta el pr\u00f3ximo <strong>s\u00e1bado d\u00eda 10<\/strong> y debe tramitarse en el mismo procedimiento de la sede electr\u00f3nica (<a href=\"https:\/\/sede.educacion.gob.es\/sede\/login\/inicio.jjsp?idConvocatoria=1769\" target=\"_blank\" rel=\"noreferrer noopener\">enlace<\/a>).<\/p>\n\n\n\n<p><a rel=\"noreferrer noopener\" href=\"https:\/\/www.educacionyfp.gob.es\/dam\/jcr:39eeb151-02bc-45f3-810c-1d9240a8643f\/resolucion-prov-iconv-22-23.pdf\" target=\"_blank\">Resoluci\u00f3n de listados provisionales<\/a><\/p>\n\n\n\n<p><a rel=\"noreferrer noopener\" href=\"https:\/\/www.educacionyfp.gob.es\/dam\/jcr:9258c610-fcb4-4d0d-af21-735e5d8ef574\/admitidos-prov-iconv-22-23.pdf\" target=\"_blank\">Listado provisional de admitidos<\/a><\/p>\n\n\n\n<p><a rel=\"noreferrer noopener\" href=\"https:\/\/www.educacionyfp.gob.es\/dam\/jcr:0c584b85-18fb-4b78-8f27-fd6b7af5bdc2\/excluidos-prov-iconv-22-23.pdf\" target=\"_blank\">Listado provisional de excluidos<\/a><\/p>\n\n\n\n<p><a rel=\"noreferrer noopener\" href=\"https:\/\/www.educacionyfp.gob.es\/dam\/jcr:984ee080-83ff-4930-aeb0-da430575b587\/causas-exclusion-modif.pdf\" target=\"_blank\">Causas de exclusi\u00f3n<\/a><\/p>\n","protected":false},"excerpt":{"rendered":"<p>Publicada la relaci\u00f3n provisional de admitidos y excluidos a la I convocatoria extraordinaria para el curso 22\/23. El plazo de reclamaci\u00f3n es hasta el pr\u00f3ximo s\u00e1bado d\u00eda 10 y debe tramitarse en el mismo procedimiento de la sede electr\u00f3nica (enlace). Resoluci\u00f3n de listados provisionales Listado provisional de admitidos Listado provisional de excluidos Causas de exclusi\u00f3n<\/p>\n","protected":false},"author":3,"featured_media":0,"comment_status":"open","ping_status":"open","sticky":false,"template":"","format":"standard","meta":{"_jetpack_memberships_contains_paid_content":false,"footnotes":""},"categories":[18],"tags":[304,455],"class_list":["post-3124","post","type-post","status-publish","format-standard","hentry","category-ensenanza-publica","tag-i-convocatoria-extraordinaria","tag-i-convocatoria-extraordinaria-22-23"],"jetpack_featured_media_url":"","jetpack_sharing_enabled":true,"_links":{"self":[{"href":"https:\/\/feteugtmelilla.es\/index.php?rest_route=\/wp\/v2\/posts\/3124","targetHints":{"allow":["GET"]}}],"collection":[{"href":"https:\/\/feteugtmelilla.es\/index.php?rest_route=\/wp\/v2\/posts"}],"about":[{"href":"https:\/\/feteugtmelilla.es\/index.php?rest_route=\/wp\/v2\/types\/post"}],"author":[{"embeddable":true,"href":"https:\/\/feteugtmelilla.es\/index.php?rest_route=\/wp\/v2\/users\/3"}],"replies":[{"embeddable":true,"href":"https:\/\/feteugtmelilla.es\/index.php?rest_route=%2Fwp%2Fv2%2Fcomments&post=3124"}],"version-history":[{"count":2,"href":"https:\/\/feteugtmelilla.es\/index.php?rest_route=\/wp\/v2\/posts\/3124\/revisions"}],"predecessor-version":[{"id":3126,"href":"https:\/\/feteugtmelilla.es\/index.php?rest_route=\/wp\/v2\/posts\/3124\/revisions\/3126"}],"wp:attachment":[{"href":"https:\/\/feteugtmelilla.es\/index.php?rest_route=%2Fwp%2Fv2%2Fmedia&parent=3124"}],"wp:term":[{"taxonomy":"category","embeddable":true,"href":"https:\/\/feteugtmelilla.es\/index.php?rest_route=%2Fwp%2Fv2%2Fcategories&post=3124"},{"taxonomy":"post_tag","embeddable":true,"href":"https:\/\/feteugtmelilla.es\/index.php?rest_route=%2Fwp%2Fv2%2Ftags&post=3124"}],"curies":[{"name":"wp","href":"https:\/\/api.w.org\/{rel}","templated":true}]}}