{"id":2971,"date":"2022-05-23T15:38:13","date_gmt":"2022-05-23T14:38:13","guid":{"rendered":"http:\/\/feteugtmelilla.es\/?p=2971"},"modified":"2022-05-23T15:38:16","modified_gmt":"2022-05-23T14:38:16","slug":"cursos-intef-abierto-segundo-plazo-2","status":"publish","type":"post","link":"https:\/\/feteugtmelilla.es\/?p=2971","title":{"rendered":"CURSOS INTEF: ABIERTO SEGUNDO PLAZO"},"content":{"rendered":"\n<h3 class=\"wp-block-heading\">Apertura del plazo de inscripci\u00f3n para la 2.\u00aa edici\u00f3n de cursos de formaci\u00f3n en l\u00ednea del profesorado 2022<\/h3>\n\n\n\n<p>Como en ediciones anteriores, el Ministerio de Educaci\u00f3n y Formaci\u00f3n Profesional, a trav\u00e9s del INTEF, convoca 2.700 plazas para la realizaci\u00f3n de cursos tutorizados de formaci\u00f3n en l\u00ednea del &nbsp;profesorado. El plazo de&nbsp;<strong>inscripci\u00f3n empieza el 19 de mayo y finaliza el 7 de junio de 2022<\/strong>&nbsp;(ambos incluidos).<\/p>\n\n\n\n<p>En esta\u00a0<strong>segunda edici\u00f3n<\/strong>\u00a0se ofertan 13 cursos. La descripci\u00f3n e informaci\u00f3n necesarias para la inscripci\u00f3n se pueden consultar en la p\u00e1gina de la\u00a0<a rel=\"noreferrer noopener\" href=\"https:\/\/www.educacionyfp.gob.es\/servicios-al-ciudadano\/catalogo\/profesorado\/profesorado-no-universitario\/cursos-y-jornadas\/formacion-en-red-profesorado.html\" target=\"_blank\"><strong>sede electr\u00f3nica del Ministerio de Educaci\u00f3n y Formaci\u00f3n Profesional<\/strong><\/a>, en la que se ir\u00e1n publicando tambi\u00e9n las novedades relativas a los cursos.<\/p>\n\n\n\n<p>Los cursos tienen una duraci\u00f3n de dos meses y se certifican con 70 horas de formaci\u00f3n. Comenzar\u00e1n el 11 de octubre de 2022 y terminar\u00e1n el 14 de diciembre de 2022.<\/p>\n\n\n\n<p><strong><br>Cursos de la 2.\u00aa edici\u00f3n:<\/strong><\/p>\n\n\n\n<ul class=\"wp-block-list\"><li><a href=\"https:\/\/www.educacionyfp.gob.es\/dam\/jcr:62d4d2d2-1844-4aaa-bcf8-cbf073191072\/01-ficha-intef-auladelfuturo.pdf\" target=\"_blank\" rel=\"noreferrer noopener\">Aula del futuro<\/a><\/li><li><a href=\"https:\/\/www.educacionyfp.gob.es\/dam\/jcr:dd78d359-4274-4032-814f-7009b7c5ebbf\/02-ficha-intef-ciudadaniadigital.pdf\" target=\"_blank\" rel=\"noreferrer noopener\">Ciudadan\u00eda e identidad digital<\/a><\/li><li><a href=\"https:\/\/www.educacionyfp.gob.es\/dam\/jcr:82553586-0100-44ce-ac15-640a78336056\/03-ficha-intef-convivencia-positiva.pdf\" target=\"_blank\" rel=\"noreferrer noopener\">Convivencia positiva para una educaci\u00f3n de calidad, participaci\u00f3n y ayuda entre iguales<\/a><\/li><li><a href=\"https:\/\/www.educacionyfp.gob.es\/dam\/jcr:023cbc72-aa84-4317-a74d-92023c9679e0\/04-ficha-intef-dua.pdf\" target=\"_blank\" rel=\"noreferrer noopener\">Dise\u00f1o Universal de Aprendizaje<\/a><\/li><li><a href=\"https:\/\/www.educacionyfp.gob.es\/dam\/jcr:7e8dccf2-48f1-4a61-8347-7338a3149a3f\/05-ficha-intef-escritura-creativa.pdf\" target=\"_blank\" rel=\"noreferrer noopener\">Escritura creativa: de la teor\u00eda a la pr\u00e1ctica en el aula<\/a><\/li><li><a href=\"https:\/\/www.educacionyfp.gob.es\/dam\/jcr:74b1fe92-177f-40ca-a7f5-be6f669b45f2\/06-ficha-intef-integra-etwinning.pdf\" target=\"_blank\" rel=\"noreferrer noopener\">Integra eTwinning (Nivel avanzado)<\/a><\/li><li><a href=\"https:\/\/www.educacionyfp.gob.es\/dam\/jcr:182c6460-ad5a-464c-998f-75067a7560c2\/07-ficha-intef-liderazgo-pedagogico.pdf\" target=\"_blank\" rel=\"noreferrer noopener\">Liderazgo pedag\u00f3gico para el \u00e9xito educativo de todo el alumnado<\/a><\/li><li><a href=\"https:\/\/www.educacionyfp.gob.es\/dam\/jcr:3158f132-2e14-487e-91ff-8ca2bcdd8f3a\/08-ficha-intef-protecci-n-de-datos.pdf\" target=\"_blank\" rel=\"noreferrer noopener\">Protecci\u00f3n de datos personales en los centros educativos<\/a><\/li><li><a href=\"https:\/\/www.educacionyfp.gob.es\/dam\/jcr:6853ef86-2ef5-446e-9b15-d2bce07b5753\/09-ficha-intef-proyecta-etwinning.pdf\" target=\"_blank\" rel=\"noreferrer noopener\">Proyecta eTwinning (Nivel inicial)<\/a><\/li><li><a href=\"https:\/\/www.educacionyfp.gob.es\/dam\/jcr:44625003-370e-458b-b778-f328e6033f48\/10-ficha-intef-el-tutor-en-red.pdf\" target=\"_blank\" rel=\"noreferrer noopener\">El tutor en red<\/a><\/li><li><a href=\"https:\/\/www.educacionyfp.gob.es\/dam\/jcr:70ffaeb0-6a23-4511-8a6f-da73ca47b675\/11-ficha-intef-rea-infantil-primaria.pdf\" target=\"_blank\" rel=\"noreferrer noopener\">Dise\u00f1o y utilizaci\u00f3n de REA en Educaci\u00f3n Infantil y Primaria<\/a><\/li><li><a href=\"https:\/\/www.educacionyfp.gob.es\/dam\/jcr:95e32f9e-5975-4c08-ba13-432f90f0217a\/12-ficha-intef-embajada-etwinning.pdf\" target=\"_blank\" rel=\"noreferrer noopener\">Embajada eTwinning<\/a><\/li><li><a href=\"https:\/\/www.educacionyfp.gob.es\/dam\/jcr:ccbbcfe1-854e-4a56-a04d-f022cff6087c\/13-ficha-intef-investigaci-n-cient-fica.pdf\" target=\"_blank\" rel=\"noreferrer noopener\">La investigaci\u00f3n cient\u00edfica en el aula: de la transmisi\u00f3n a la creaci\u00f3n de conocimientos<\/a><\/li><\/ul>\n\n\n\n<p>Puedes dirigir tus dudas y consultas a&nbsp;<a href=\"mailto:formacionenred@educacion.gob.es\" target=\"_blank\" rel=\"noreferrer noopener\">formacionenred@educacion.gob.es<\/a><\/p>\n","protected":false},"excerpt":{"rendered":"<p>Apertura del plazo de inscripci\u00f3n para la 2.\u00aa edici\u00f3n de cursos de formaci\u00f3n en l\u00ednea del profesorado 2022 Como en ediciones anteriores, el Ministerio de Educaci\u00f3n y Formaci\u00f3n Profesional, a trav\u00e9s del INTEF, convoca 2.700 plazas para la realizaci\u00f3n de cursos tutorizados de formaci\u00f3n en l\u00ednea del &nbsp;profesorado. El plazo de&nbsp;inscripci\u00f3n empieza el 19 de [&hellip;]<\/p>\n","protected":false},"author":3,"featured_media":0,"comment_status":"open","ping_status":"open","sticky":false,"template":"","format":"standard","meta":{"_jetpack_newsletter_access":"","_jetpack_dont_email_post_to_subs":false,"_jetpack_newsletter_tier_id":0,"_jetpack_memberships_contains_paywalled_content":false,"_jetpack_memberships_contains_paid_content":false,"footnotes":""},"categories":[10],"tags":[442],"class_list":["post-2971","post","type-post","status-publish","format-standard","hentry","category-formacion","tag-cursos-intef"],"jetpack_sharing_enabled":true,"jetpack_featured_media_url":"","_links":{"self":[{"href":"https:\/\/feteugtmelilla.es\/index.php?rest_route=\/wp\/v2\/posts\/2971","targetHints":{"allow":["GET"]}}],"collection":[{"href":"https:\/\/feteugtmelilla.es\/index.php?rest_route=\/wp\/v2\/posts"}],"about":[{"href":"https:\/\/feteugtmelilla.es\/index.php?rest_route=\/wp\/v2\/types\/post"}],"author":[{"embeddable":true,"href":"https:\/\/feteugtmelilla.es\/index.php?rest_route=\/wp\/v2\/users\/3"}],"replies":[{"embeddable":true,"href":"https:\/\/feteugtmelilla.es\/index.php?rest_route=%2Fwp%2Fv2%2Fcomments&post=2971"}],"version-history":[{"count":1,"href":"https:\/\/feteugtmelilla.es\/index.php?rest_route=\/wp\/v2\/posts\/2971\/revisions"}],"predecessor-version":[{"id":2973,"href":"https:\/\/feteugtmelilla.es\/index.php?rest_route=\/wp\/v2\/posts\/2971\/revisions\/2973"}],"wp:attachment":[{"href":"https:\/\/feteugtmelilla.es\/index.php?rest_route=%2Fwp%2Fv2%2Fmedia&parent=2971"}],"wp:term":[{"taxonomy":"category","embeddable":true,"href":"https:\/\/feteugtmelilla.es\/index.php?rest_route=%2Fwp%2Fv2%2Fcategories&post=2971"},{"taxonomy":"post_tag","embeddable":true,"href":"https:\/\/feteugtmelilla.es\/index.php?rest_route=%2Fwp%2Fv2%2Ftags&post=2971"}],"curies":[{"name":"wp","href":"https:\/\/api.w.org\/{rel}","templated":true}]}}