{"id":2868,"date":"2022-04-08T10:54:03","date_gmt":"2022-04-08T09:54:03","guid":{"rendered":"http:\/\/feteugtmelilla.es\/?p=2868"},"modified":"2022-04-08T10:54:06","modified_gmt":"2022-04-08T09:54:06","slug":"orden-por-la-que-se-regulan-la-evaluacion-y-la-promocion-en-la-ep-eso-el-bachillerato-y-la-fp","status":"publish","type":"post","link":"https:\/\/feteugtmelilla.es\/?p=2868","title":{"rendered":"Orden por la que se regulan la evaluaci\u00f3n y la promoci\u00f3n en la EP, ESO, el Bachillerato y la FP."},"content":{"rendered":"\n<p>Publicada en BOE <a href=\"https:\/\/www.boe.es\/diario_boe\/txt.php?id=BOE-A-2022-5687\" target=\"_blank\" rel=\"noreferrer noopener\">Orden EFP\/279\/2022, de 4 de abril, por la que se regulan la evaluaci\u00f3n y la promoci\u00f3n en la Educaci\u00f3n Primaria, as\u00ed como la evaluaci\u00f3n, la promoci\u00f3n y la titulaci\u00f3n en la Educaci\u00f3n Secundaria Obligatoria, el Bachillerato y la Formaci\u00f3n Profesional en el \u00e1mbito de gesti\u00f3n del Ministerio de Educaci\u00f3n y Formaci\u00f3n Profesional.<\/a><\/p>\n","protected":false},"excerpt":{"rendered":"<p>Publicada en BOE Orden EFP\/279\/2022, de 4 de abril, por la que se regulan la evaluaci\u00f3n y la promoci\u00f3n en la Educaci\u00f3n Primaria, as\u00ed como la evaluaci\u00f3n, la promoci\u00f3n y la titulaci\u00f3n en la Educaci\u00f3n Secundaria Obligatoria, el Bachillerato y la Formaci\u00f3n Profesional en el \u00e1mbito de gesti\u00f3n del Ministerio de Educaci\u00f3n y Formaci\u00f3n Profesional.<\/p>\n","protected":false},"author":3,"featured_media":1251,"comment_status":"open","ping_status":"open","sticky":false,"template":"","format":"standard","meta":{"_jetpack_newsletter_access":"","_jetpack_dont_email_post_to_subs":false,"_jetpack_newsletter_tier_id":0,"_jetpack_memberships_contains_paywalled_content":false,"_jetpack_memberships_contains_paid_content":false,"footnotes":""},"categories":[17],"tags":[249,413,414],"class_list":["post-2868","post","type-post","status-publish","format-standard","has-post-thumbnail","hentry","category-noticias","tag-boe","tag-legislacion","tag-orden-evaluacion"],"jetpack_sharing_enabled":true,"jetpack_featured_media_url":"https:\/\/feteugtmelilla.es\/wp-content\/uploads\/2019\/08\/BOE1.jpg","_links":{"self":[{"href":"https:\/\/feteugtmelilla.es\/index.php?rest_route=\/wp\/v2\/posts\/2868","targetHints":{"allow":["GET"]}}],"collection":[{"href":"https:\/\/feteugtmelilla.es\/index.php?rest_route=\/wp\/v2\/posts"}],"about":[{"href":"https:\/\/feteugtmelilla.es\/index.php?rest_route=\/wp\/v2\/types\/post"}],"author":[{"embeddable":true,"href":"https:\/\/feteugtmelilla.es\/index.php?rest_route=\/wp\/v2\/users\/3"}],"replies":[{"embeddable":true,"href":"https:\/\/feteugtmelilla.es\/index.php?rest_route=%2Fwp%2Fv2%2Fcomments&post=2868"}],"version-history":[{"count":1,"href":"https:\/\/feteugtmelilla.es\/index.php?rest_route=\/wp\/v2\/posts\/2868\/revisions"}],"predecessor-version":[{"id":2869,"href":"https:\/\/feteugtmelilla.es\/index.php?rest_route=\/wp\/v2\/posts\/2868\/revisions\/2869"}],"wp:featuredmedia":[{"embeddable":true,"href":"https:\/\/feteugtmelilla.es\/index.php?rest_route=\/wp\/v2\/media\/1251"}],"wp:attachment":[{"href":"https:\/\/feteugtmelilla.es\/index.php?rest_route=%2Fwp%2Fv2%2Fmedia&parent=2868"}],"wp:term":[{"taxonomy":"category","embeddable":true,"href":"https:\/\/feteugtmelilla.es\/index.php?rest_route=%2Fwp%2Fv2%2Fcategories&post=2868"},{"taxonomy":"post_tag","embeddable":true,"href":"https:\/\/feteugtmelilla.es\/index.php?rest_route=%2Fwp%2Fv2%2Ftags&post=2868"}],"curies":[{"name":"wp","href":"https:\/\/api.w.org\/{rel}","templated":true}]}}