{"id":2747,"date":"2022-02-11T14:30:08","date_gmt":"2022-02-11T13:30:08","guid":{"rendered":"http:\/\/feteugtmelilla.es\/?p=2747"},"modified":"2022-02-11T14:30:11","modified_gmt":"2022-02-11T13:30:11","slug":"curso-de-multicultura-en-ceuta-y-melilla-valido-para-el-baremo-de-interinos","status":"publish","type":"post","link":"https:\/\/feteugtmelilla.es\/?p=2747","title":{"rendered":"CURSO DE MULTICULTURA EN CEUTA Y MELILLA. V\u00c1LIDO PARA EL BAREMO DE INTERINOS."},"content":{"rendered":"\n<p>Ya est\u00e1 abierto el <strong>plazo de inscripci\u00f3n <\/strong>al curso <em>ASPECTOS SINGULARES DEL MULTILING\u00dcISMO Y LA DIVERSIDAD CULTURAL EN LAS CIUDADES DE CEUTA Y MELILLA &#8211; MARZO 2022<\/em> (100 HORAS), <strong>hasta el pr\u00f3ximo d\u00eda 27 de febrero<\/strong>. El curso, <strong><em>v\u00e1lido para el aparatado 3.3 del baremo de interinos<\/em><\/strong>, se desarrollar\u00e1 en la<em> modalidad online <strong>del 28 de febrero al 27 de marzo<\/strong> de 2022<\/em>.<\/p>\n\n\n\n<p><a href=\"https:\/\/docs.google.com\/forms\/d\/19XUWHhLDx9Lp_jmh0aELGz-RmtVccPj4DAih3RVf5Iw\/viewform?edit_requested=true\" target=\"_blank\" rel=\"noreferrer noopener\">Formulario de inscripci\u00f3n.<\/a><\/p>\n","protected":false},"excerpt":{"rendered":"<p>Ya est\u00e1 abierto el plazo de inscripci\u00f3n al curso ASPECTOS SINGULARES DEL MULTILING\u00dcISMO Y LA DIVERSIDAD CULTURAL EN LAS CIUDADES DE CEUTA Y MELILLA &#8211; MARZO 2022 (100 HORAS), hasta el pr\u00f3ximo d\u00eda 27 de febrero. El curso, v\u00e1lido para el aparatado 3.3 del baremo de interinos, se desarrollar\u00e1 en la modalidad online del 28 [&hellip;]<\/p>\n","protected":false},"author":3,"featured_media":0,"comment_status":"open","ping_status":"open","sticky":false,"template":"","format":"standard","meta":{"_jetpack_memberships_contains_paid_content":false,"footnotes":""},"categories":[10],"tags":[384],"class_list":["post-2747","post","type-post","status-publish","format-standard","hentry","category-formacion","tag-curso-multi-marzo-2022"],"jetpack_featured_media_url":"","jetpack_sharing_enabled":true,"_links":{"self":[{"href":"https:\/\/feteugtmelilla.es\/index.php?rest_route=\/wp\/v2\/posts\/2747","targetHints":{"allow":["GET"]}}],"collection":[{"href":"https:\/\/feteugtmelilla.es\/index.php?rest_route=\/wp\/v2\/posts"}],"about":[{"href":"https:\/\/feteugtmelilla.es\/index.php?rest_route=\/wp\/v2\/types\/post"}],"author":[{"embeddable":true,"href":"https:\/\/feteugtmelilla.es\/index.php?rest_route=\/wp\/v2\/users\/3"}],"replies":[{"embeddable":true,"href":"https:\/\/feteugtmelilla.es\/index.php?rest_route=%2Fwp%2Fv2%2Fcomments&post=2747"}],"version-history":[{"count":1,"href":"https:\/\/feteugtmelilla.es\/index.php?rest_route=\/wp\/v2\/posts\/2747\/revisions"}],"predecessor-version":[{"id":2749,"href":"https:\/\/feteugtmelilla.es\/index.php?rest_route=\/wp\/v2\/posts\/2747\/revisions\/2749"}],"wp:attachment":[{"href":"https:\/\/feteugtmelilla.es\/index.php?rest_route=%2Fwp%2Fv2%2Fmedia&parent=2747"}],"wp:term":[{"taxonomy":"category","embeddable":true,"href":"https:\/\/feteugtmelilla.es\/index.php?rest_route=%2Fwp%2Fv2%2Fcategories&post=2747"},{"taxonomy":"post_tag","embeddable":true,"href":"https:\/\/feteugtmelilla.es\/index.php?rest_route=%2Fwp%2Fv2%2Ftags&post=2747"}],"curies":[{"name":"wp","href":"https:\/\/api.w.org\/{rel}","templated":true}]}}