{"id":2722,"date":"2022-01-14T18:36:57","date_gmt":"2022-01-14T17:36:57","guid":{"rendered":"http:\/\/feteugtmelilla.es\/?p=2722"},"modified":"2022-01-14T18:42:23","modified_gmt":"2022-01-14T17:42:23","slug":"concurso-de-traslados-publicados-listados-de-admitidos-y-excluidos","status":"publish","type":"post","link":"https:\/\/feteugtmelilla.es\/?p=2722","title":{"rendered":"CONCURSO DE TRASLADOS: PUBLICADOS LISTADOS DE ADMITIDOS Y EXCLUIDOS"},"content":{"rendered":"\n<p>Publicadas las listas <strong><em>provisionales<\/em><\/strong> por Cuerpos docentes de los concursantes admitidos y excluidos,  con indicaci\u00f3n igualmente de las <em>puntuaciones provisionales<\/em> asignadas por los distintos apartados del baremo de m\u00e9ritos y de las causas de exclusi\u00f3n. <em>Plazo de reclamaci\u00f3n<\/em>: hasta el <strong>28 de enero<\/strong>, inclusive.<\/p>\n\n\n\n<p><strong>MAESTROS<\/strong>: <a rel=\"noreferrer noopener\" href=\"https:\/\/www.educacionyfp.gob.es\/dam\/jcr:49c49c59-a4f6-47bf-a68b-c058d5c06a8e\/listados-provisional-de-maestros-admitidos.pdf\" target=\"_blank\">Listado provisional de admitidos<\/a>. <\/p>\n\n\n\n<p><strong>RESTO DE CUERPOS<\/strong>: <\/p>\n\n\n\n<ul class=\"wp-block-list\"><li><a rel=\"noreferrer noopener\" href=\"https:\/\/www.educacionyfp.gob.es\/dam\/jcr:d20717df-8835-44bd-9e5b-a7ec589d92c0\/1-prov-adm-profesores-ense-anza-secundaria.pdf\" target=\"_blank\">Profesores de Ense\u00f1anza Secundaria<\/a><\/li><li><a rel=\"noreferrer noopener\" href=\"https:\/\/www.educacionyfp.gob.es\/dam\/jcr:c99d432a-7de6-4a19-b069-8c49fa3ff4bb\/2-prov-adm-profesores-tecnicos-f-p.pdf\" target=\"_blank\">Profesores T\u00e9cnicos de F.P<\/a><\/li><li><a rel=\"noreferrer noopener\" href=\"https:\/\/www.educacionyfp.gob.es\/dam\/jcr:294bdfbc-443a-4751-a296-e4dc44c1bc40\/3-prov-adm-profesores-escuela-oficial-idiomas.pdf\" target=\"_blank\">Profesores de Escuelas Oficiales de Idiomas<\/a><\/li><li><a rel=\"noreferrer noopener\" href=\"https:\/\/www.educacionyfp.gob.es\/dam\/jcr:959d3367-33ee-4206-8402-7795e969a9fe\/4-prov-adm-profesores-artes-plasticas-dise-o.pdf\" target=\"_blank\">Profesores de Artes Pl\u00e1sticas y Dise\u00f1o<\/a><\/li><li><a rel=\"noreferrer noopener\" href=\"https:\/\/www.educacionyfp.gob.es\/dam\/jcr:dd65183d-d558-488e-ab03-7320b6a4b6ae\/5-prov-adm-maestros-taller-artes-plasticas-dise-o.pdf\" target=\"_blank\">Maestros de Taller de Artes Pl\u00e1sticas y Dise\u00f1o<\/a><\/li><\/ul>\n\n\n\n<p><a rel=\"noreferrer noopener\" href=\"https:\/\/sede.educacion.gob.es\/cis\/ccd.servlets\/controlCCD?tipoConcurso=SEC&amp;fase=F2\" target=\"_blank\"><em>CONSULTA D.N.I.<\/em><\/a><\/p>\n","protected":false},"excerpt":{"rendered":"<p>Publicadas las listas provisionales por Cuerpos docentes de los concursantes admitidos y excluidos, con indicaci\u00f3n igualmente de las puntuaciones provisionales asignadas por los distintos apartados del baremo de m\u00e9ritos y de las causas de exclusi\u00f3n. Plazo de reclamaci\u00f3n: hasta el 28 de enero, inclusive. MAESTROS: Listado provisional de admitidos. RESTO DE CUERPOS: Profesores de Ense\u00f1anza [&hellip;]<\/p>\n","protected":false},"author":3,"featured_media":1669,"comment_status":"open","ping_status":"open","sticky":false,"template":"","format":"standard","meta":{"_jetpack_memberships_contains_paid_content":false,"footnotes":""},"categories":[18,11],"tags":[380],"class_list":["post-2722","post","type-post","status-publish","format-standard","has-post-thumbnail","hentry","category-ensenanza-publica","category-oposiciones-y-concursos","tag-listas-provisionales-concurso-traslados-21-22"],"jetpack_featured_media_url":"https:\/\/feteugtmelilla.es\/wp-content\/uploads\/2020\/04\/UGT-INFORMA11-550.jpg","jetpack_sharing_enabled":true,"_links":{"self":[{"href":"https:\/\/feteugtmelilla.es\/index.php?rest_route=\/wp\/v2\/posts\/2722","targetHints":{"allow":["GET"]}}],"collection":[{"href":"https:\/\/feteugtmelilla.es\/index.php?rest_route=\/wp\/v2\/posts"}],"about":[{"href":"https:\/\/feteugtmelilla.es\/index.php?rest_route=\/wp\/v2\/types\/post"}],"author":[{"embeddable":true,"href":"https:\/\/feteugtmelilla.es\/index.php?rest_route=\/wp\/v2\/users\/3"}],"replies":[{"embeddable":true,"href":"https:\/\/feteugtmelilla.es\/index.php?rest_route=%2Fwp%2Fv2%2Fcomments&post=2722"}],"version-history":[{"count":3,"href":"https:\/\/feteugtmelilla.es\/index.php?rest_route=\/wp\/v2\/posts\/2722\/revisions"}],"predecessor-version":[{"id":2725,"href":"https:\/\/feteugtmelilla.es\/index.php?rest_route=\/wp\/v2\/posts\/2722\/revisions\/2725"}],"wp:featuredmedia":[{"embeddable":true,"href":"https:\/\/feteugtmelilla.es\/index.php?rest_route=\/wp\/v2\/media\/1669"}],"wp:attachment":[{"href":"https:\/\/feteugtmelilla.es\/index.php?rest_route=%2Fwp%2Fv2%2Fmedia&parent=2722"}],"wp:term":[{"taxonomy":"category","embeddable":true,"href":"https:\/\/feteugtmelilla.es\/index.php?rest_route=%2Fwp%2Fv2%2Fcategories&post=2722"},{"taxonomy":"post_tag","embeddable":true,"href":"https:\/\/feteugtmelilla.es\/index.php?rest_route=%2Fwp%2Fv2%2Ftags&post=2722"}],"curies":[{"name":"wp","href":"https:\/\/api.w.org\/{rel}","templated":true}]}}