{"id":2677,"date":"2021-11-24T19:22:38","date_gmt":"2021-11-24T18:22:38","guid":{"rendered":"http:\/\/feteugtmelilla.es\/?p=2677"},"modified":"2021-11-24T19:22:42","modified_gmt":"2021-11-24T18:22:42","slug":"i-convocatoria-extraordinaria-baremo-definitivo-organizacion-y-gestion-comercial","status":"publish","type":"post","link":"https:\/\/feteugtmelilla.es\/?p=2677","title":{"rendered":"I CONVOCATORIA EXTRAORDINARIA: BAREMO DEFINITIVO ORGANIZACI\u00d3N Y GESTI\u00d3N COMERCIAL"},"content":{"rendered":"\n<p>Publicado el baremo definitivo de:<\/p>\n\n\n\n<ul class=\"wp-block-list\"><li><a rel=\"noreferrer noopener\" href=\"https:\/\/www.educacionyfp.gob.es\/dam\/jcr:4cba5c3d-61b5-45f0-89f7-a54cb029729f\/resolucion-baremo-def-gestioncomercial.pdf\" target=\"_blank\">Resoluci\u00f3n baremo definitivo de Organizaci\u00f3n y Gesti\u00f3n Comercial<\/a><\/li><li><a rel=\"noreferrer noopener\" href=\"https:\/\/www.educacionyfp.gob.es\/dam\/jcr:13298638-ded1-49b3-8a75-ad1cad46029d\/baremo-definit-gestioncomercial-pdf.pdf\" target=\"_blank\">Barem<\/a>o definitivo de Organizaci\u00f3n y Gesti\u00f3n Comercial<\/li><\/ul>\n\n\n\n<p><\/p>\n","protected":false},"excerpt":{"rendered":"<p>Publicado el baremo definitivo de: Resoluci\u00f3n baremo definitivo de Organizaci\u00f3n y Gesti\u00f3n Comercial Baremo definitivo de Organizaci\u00f3n y Gesti\u00f3n Comercial<\/p>\n","protected":false},"author":3,"featured_media":1669,"comment_status":"open","ping_status":"open","sticky":false,"template":"","format":"standard","meta":{"_jetpack_memberships_contains_paid_content":false,"footnotes":""},"categories":[18],"tags":[],"class_list":["post-2677","post","type-post","status-publish","format-standard","has-post-thumbnail","hentry","category-ensenanza-publica"],"jetpack_featured_media_url":"https:\/\/feteugtmelilla.es\/wp-content\/uploads\/2020\/04\/UGT-INFORMA11-550.jpg","jetpack_sharing_enabled":true,"_links":{"self":[{"href":"https:\/\/feteugtmelilla.es\/index.php?rest_route=\/wp\/v2\/posts\/2677","targetHints":{"allow":["GET"]}}],"collection":[{"href":"https:\/\/feteugtmelilla.es\/index.php?rest_route=\/wp\/v2\/posts"}],"about":[{"href":"https:\/\/feteugtmelilla.es\/index.php?rest_route=\/wp\/v2\/types\/post"}],"author":[{"embeddable":true,"href":"https:\/\/feteugtmelilla.es\/index.php?rest_route=\/wp\/v2\/users\/3"}],"replies":[{"embeddable":true,"href":"https:\/\/feteugtmelilla.es\/index.php?rest_route=%2Fwp%2Fv2%2Fcomments&post=2677"}],"version-history":[{"count":1,"href":"https:\/\/feteugtmelilla.es\/index.php?rest_route=\/wp\/v2\/posts\/2677\/revisions"}],"predecessor-version":[{"id":2678,"href":"https:\/\/feteugtmelilla.es\/index.php?rest_route=\/wp\/v2\/posts\/2677\/revisions\/2678"}],"wp:featuredmedia":[{"embeddable":true,"href":"https:\/\/feteugtmelilla.es\/index.php?rest_route=\/wp\/v2\/media\/1669"}],"wp:attachment":[{"href":"https:\/\/feteugtmelilla.es\/index.php?rest_route=%2Fwp%2Fv2%2Fmedia&parent=2677"}],"wp:term":[{"taxonomy":"category","embeddable":true,"href":"https:\/\/feteugtmelilla.es\/index.php?rest_route=%2Fwp%2Fv2%2Fcategories&post=2677"},{"taxonomy":"post_tag","embeddable":true,"href":"https:\/\/feteugtmelilla.es\/index.php?rest_route=%2Fwp%2Fv2%2Ftags&post=2677"}],"curies":[{"name":"wp","href":"https:\/\/api.w.org\/{rel}","templated":true}]}}