{"id":2512,"date":"2021-07-26T09:29:27","date_gmt":"2021-07-26T08:29:27","guid":{"rendered":"http:\/\/feteugtmelilla.es\/?p=2512"},"modified":"2021-07-26T09:29:31","modified_gmt":"2021-07-26T08:29:31","slug":"oposiciones-listados-definitivos-fase-de-concurso","status":"publish","type":"post","link":"https:\/\/feteugtmelilla.es\/?p=2512","title":{"rendered":"OPOSICIONES: LISTADOS DEFINITIVOS FASE DE CONCURSO"},"content":{"rendered":"\n<p>Publicados los listados definitivos de las puntuaciones obtenidas por los aspirantes en la fase de concurso del procedimiento selectivo:<\/p>\n\n\n\n<p><a rel=\"noreferrer noopener\" href=\"https:\/\/www.educacionyfp.gob.es\/dam\/jcr:b48d8bf2-6604-40d9-9496-ec047a86bdda\/melilla-resol-listas-definitiva-concurso.pdf\" target=\"_blank\">Resoluci\u00f3n de la Direcci\u00f3n Provincial de Melilla<\/a><\/p>\n\n\n\n<ul class=\"wp-block-list\"><li><a rel=\"noreferrer noopener\" href=\"https:\/\/www.educacionyfp.gob.es\/dam\/jcr:d77198fa-6966-4453-99eb-ee34c4f65fa4\/melilla-listas-baremo-0590-definitiva.pdf\" target=\"_blank\">Cuerpo de Profesores de Ense\u00f1anza Secundaria<\/a><\/li><li><a rel=\"noreferrer noopener\" href=\"https:\/\/www.educacionyfp.gob.es\/dam\/jcr:ade99ed3-561f-46c3-b9bb-3268c275d288\/melilla-listas-baremo-0591-definitiva.pdf\" target=\"_blank\">Cuerpo de Profesores T\u00e9cnicos de Formaci\u00f3n Profesional<\/a><\/li><li><a rel=\"noreferrer noopener\" href=\"https:\/\/www.educacionyfp.gob.es\/dam\/jcr:13ff5a73-18d7-443b-aedf-63c9d152415e\/melilla-listas-baremo-0592-definitiva.pdf\" target=\"_blank\">Cuerpo de Profesores de Escuelas Oficiales de Idiomas<\/a><\/li><li><a rel=\"noreferrer noopener\" href=\"https:\/\/www.educacionyfp.gob.es\/dam\/jcr:915c2365-865f-4197-a017-e9836750493a\/melilla-listas-baremo-0595-definitiva.pdf\" target=\"_blank\">Cuerpo de Profesores de Artes Pl\u00e1sticas y Dise\u00f1o<\/a><\/li><li><a rel=\"noreferrer noopener\" href=\"https:\/\/www.educacionyfp.gob.es\/dam\/jcr:53154638-19e1-4e85-8ddf-8561b4cacd3a\/melilla-listas-baremo-0596-definitiva.pdf\" target=\"_blank\">Cuerpo de Maestros de Taller de Artes Pl\u00e1sticas y Dise\u00f1o<\/a><\/li><\/ul>\n\n\n\n<p>Est\u00e1 previsto que tambi\u00e9n se publiquen los listados de aquellos obtengan plaza. \u00c9stos dispondr\u00e1n de cinco d\u00edas para entregar la siguiente documentaci\u00f3n:<\/p>\n\n\n\n<p>&#8211; Titulaci\u00f3n que da acceso a la especialidad.<br>&#8211; Requisito de formaci\u00f3n pedag\u00f3gica<br>&#8211; <a rel=\"noreferrer noopener\" href=\"http:\/\/feteugtmelilla.es\/wp-content\/uploads\/2021\/07\/Formularios-Declaraciones-Juradas-Seleccionados.pdf\" target=\"_blank\">Declaraciones jurada o promesa<\/a> de no estar separado del servicio por expediente disciplinario.<br>&#8211; <a rel=\"noreferrer noopener\" href=\"https:\/\/sede.mjusticia.gob.es\/es\/tramites\/certificado-registro-central\" target=\"_blank\">Certificado negativo de delitos sexuales<\/a><br>&#8211; Certificado de discapacidad (cuando proceda)<br>&#8211; <a rel=\"noreferrer noopener\" href=\"https:\/\/www.educacionyfp.gob.es\/dam\/jcr:29962771-ad9f-4800-9bc2-1eef4894ca3c\/formulario-alta.pdf\" target=\"_blank\">Formulario de alta<\/a><\/p>\n","protected":false},"excerpt":{"rendered":"<p>Publicados los listados definitivos de las puntuaciones obtenidas por los aspirantes en la fase de concurso del procedimiento selectivo: Resoluci\u00f3n de la Direcci\u00f3n Provincial de Melilla Cuerpo de Profesores de Ense\u00f1anza Secundaria Cuerpo de Profesores T\u00e9cnicos de Formaci\u00f3n Profesional Cuerpo de Profesores de Escuelas Oficiales de Idiomas Cuerpo de Profesores de Artes Pl\u00e1sticas y Dise\u00f1o [&hellip;]<\/p>\n","protected":false},"author":3,"featured_media":0,"comment_status":"open","ping_status":"open","sticky":false,"template":"","format":"standard","meta":{"_jetpack_memberships_contains_paid_content":false,"footnotes":""},"categories":[18,11],"tags":[],"class_list":["post-2512","post","type-post","status-publish","format-standard","hentry","category-ensenanza-publica","category-oposiciones-y-concursos"],"jetpack_featured_media_url":"","jetpack_sharing_enabled":true,"_links":{"self":[{"href":"https:\/\/feteugtmelilla.es\/index.php?rest_route=\/wp\/v2\/posts\/2512","targetHints":{"allow":["GET"]}}],"collection":[{"href":"https:\/\/feteugtmelilla.es\/index.php?rest_route=\/wp\/v2\/posts"}],"about":[{"href":"https:\/\/feteugtmelilla.es\/index.php?rest_route=\/wp\/v2\/types\/post"}],"author":[{"embeddable":true,"href":"https:\/\/feteugtmelilla.es\/index.php?rest_route=\/wp\/v2\/users\/3"}],"replies":[{"embeddable":true,"href":"https:\/\/feteugtmelilla.es\/index.php?rest_route=%2Fwp%2Fv2%2Fcomments&post=2512"}],"version-history":[{"count":2,"href":"https:\/\/feteugtmelilla.es\/index.php?rest_route=\/wp\/v2\/posts\/2512\/revisions"}],"predecessor-version":[{"id":2515,"href":"https:\/\/feteugtmelilla.es\/index.php?rest_route=\/wp\/v2\/posts\/2512\/revisions\/2515"}],"wp:attachment":[{"href":"https:\/\/feteugtmelilla.es\/index.php?rest_route=%2Fwp%2Fv2%2Fmedia&parent=2512"}],"wp:term":[{"taxonomy":"category","embeddable":true,"href":"https:\/\/feteugtmelilla.es\/index.php?rest_route=%2Fwp%2Fv2%2Fcategories&post=2512"},{"taxonomy":"post_tag","embeddable":true,"href":"https:\/\/feteugtmelilla.es\/index.php?rest_route=%2Fwp%2Fv2%2Ftags&post=2512"}],"curies":[{"name":"wp","href":"https:\/\/api.w.org\/{rel}","templated":true}]}}