{"id":2504,"date":"2021-07-21T18:44:22","date_gmt":"2021-07-21T17:44:22","guid":{"rendered":"http:\/\/feteugtmelilla.es\/?p=2504"},"modified":"2021-07-22T13:17:28","modified_gmt":"2021-07-22T12:17:28","slug":"especialidades-convocadas-listas-provisionales","status":"publish","type":"post","link":"https:\/\/feteugtmelilla.es\/?p=2504","title":{"rendered":"ESPECIALIDADES CONVOCADAS: LISTAS PROVISIONALES"},"content":{"rendered":"\n<h5 class=\"wp-block-heading\" id=\"dpss01\">Se ha publicado en el d\u00eda de hoy las <span style=\"text-decoration: underline;\">listas provisionales de interinos de aquellas especialidades convocadas a Oposici\u00f3n. <\/span><\/h5>\n\n\n\n<ul class=\"wp-block-list\"><li><a rel=\"noreferrer noopener\" href=\"https:\/\/www.educacionyfp.gob.es\/dam\/jcr:05c460d5-66ab-4a2b-9bbf-5f246f62063f\/resolucion-listas-prov-convocadas.pdf\" target=\"_blank\">Resoluci\u00f3n listas provisionales<\/a>.<\/li><li><a href=\"https:\/\/www.educacionyfp.gob.es\/dam\/jcr:aa46b7ac-531b-43ca-bd6e-13522ddea982\/baremos-prov-convocadas2021-2.pdf\" target=\"_blank\" rel=\"noreferrer noopener\">Baremo provisional de admitidos.<\/a><\/li><li><a href=\"https:\/\/www.educacionyfp.gob.es\/dam\/jcr:2fffb94c-2d63-489c-ae83-84ab8849abe5\/excluidos-prov-convocadas2021.pdf\" target=\"_blank\" rel=\"noreferrer noopener\">Listado provisional de excluidos.<\/a><\/li><li><a rel=\"noreferrer noopener\" href=\"https:\/\/www.educacionyfp.gob.es\/dam\/jcr:b0312eb8-7909-4582-9b3a-b36ed6981e7d\/causas-exclusion-modif.pdf\" target=\"_blank\">Causas de exclusi\u00f3n<\/a>.<\/li><\/ul>\n\n\n\n<p><mark>El plazo de reclamaci\u00f3n ser\u00e1 hasta el pr\u00f3ximo 4 de agosto de 2021.<\/mark><\/p>\n","protected":false},"excerpt":{"rendered":"<p>Se ha publicado en el d\u00eda de hoy las listas provisionales de interinos de aquellas especialidades convocadas a Oposici\u00f3n. Resoluci\u00f3n listas provisionales. Baremo provisional de admitidos. Listado provisional de excluidos. Causas de exclusi\u00f3n. El plazo de reclamaci\u00f3n ser\u00e1 hasta el pr\u00f3ximo 4 de agosto de 2021.<\/p>\n","protected":false},"author":3,"featured_media":1669,"comment_status":"open","ping_status":"open","sticky":false,"template":"","format":"standard","meta":{"_jetpack_memberships_contains_paid_content":false,"footnotes":""},"categories":[18],"tags":[],"class_list":["post-2504","post","type-post","status-publish","format-standard","has-post-thumbnail","hentry","category-ensenanza-publica"],"jetpack_featured_media_url":"https:\/\/feteugtmelilla.es\/wp-content\/uploads\/2020\/04\/UGT-INFORMA11-550.jpg","jetpack_sharing_enabled":true,"_links":{"self":[{"href":"https:\/\/feteugtmelilla.es\/index.php?rest_route=\/wp\/v2\/posts\/2504","targetHints":{"allow":["GET"]}}],"collection":[{"href":"https:\/\/feteugtmelilla.es\/index.php?rest_route=\/wp\/v2\/posts"}],"about":[{"href":"https:\/\/feteugtmelilla.es\/index.php?rest_route=\/wp\/v2\/types\/post"}],"author":[{"embeddable":true,"href":"https:\/\/feteugtmelilla.es\/index.php?rest_route=\/wp\/v2\/users\/3"}],"replies":[{"embeddable":true,"href":"https:\/\/feteugtmelilla.es\/index.php?rest_route=%2Fwp%2Fv2%2Fcomments&post=2504"}],"version-history":[{"count":5,"href":"https:\/\/feteugtmelilla.es\/index.php?rest_route=\/wp\/v2\/posts\/2504\/revisions"}],"predecessor-version":[{"id":2510,"href":"https:\/\/feteugtmelilla.es\/index.php?rest_route=\/wp\/v2\/posts\/2504\/revisions\/2510"}],"wp:featuredmedia":[{"embeddable":true,"href":"https:\/\/feteugtmelilla.es\/index.php?rest_route=\/wp\/v2\/media\/1669"}],"wp:attachment":[{"href":"https:\/\/feteugtmelilla.es\/index.php?rest_route=%2Fwp%2Fv2%2Fmedia&parent=2504"}],"wp:term":[{"taxonomy":"category","embeddable":true,"href":"https:\/\/feteugtmelilla.es\/index.php?rest_route=%2Fwp%2Fv2%2Fcategories&post=2504"},{"taxonomy":"post_tag","embeddable":true,"href":"https:\/\/feteugtmelilla.es\/index.php?rest_route=%2Fwp%2Fv2%2Ftags&post=2504"}],"curies":[{"name":"wp","href":"https:\/\/api.w.org\/{rel}","templated":true}]}}