{"id":2228,"date":"2021-02-17T12:48:40","date_gmt":"2021-02-17T11:48:40","guid":{"rendered":"http:\/\/feteugtmelilla.es\/?p=2228"},"modified":"2021-02-17T12:48:42","modified_gmt":"2021-02-17T11:48:42","slug":"abiertas-bolsas-docentes-en-el-exterior","status":"publish","type":"post","link":"https:\/\/feteugtmelilla.es\/?p=2228","title":{"rendered":"ABIERTAS BOLSAS DOCENTES EN EL EXTERIOR"},"content":{"rendered":"\n<p>Se han publicado diversas Resoluciones por las que se convocan procedimientos para la <strong>formaci\u00f3n de listas de docentes interinos en diversos pa\u00edses en el Exterior<\/strong>:<\/p>\n\n\n\n<p><strong>PORTUGAL<\/strong><\/p>\n\n\n\n<p><em>Especialidades convocadas:<\/em><\/p>\n\n\n\n<p>MAESTROS<br>\u2022 Educaci\u00f3n Primaria<br>\u2022 Educaci\u00f3n Infantil<br>\u2022 Idioma extranjero: Ingl\u00e9s<br>\u2022 M\u00fasica<br>\u2022 Educaci\u00f3n F\u00edsica<br>PROFESORES DE EDUCACI\u00d3N SECUNDARIA<br>\u2022 F\u00edsica y Qu\u00edmica<br>\u2022 Matem\u00e1ticas<br>\u2022 Ingl\u00e9s<br>\u2022 Franc\u00e9s<br>\u2022 Tecnolog\u00eda<br>\u2022 Filosof\u00eda<br>\u2022 Lengua Castellana y Literatura<br>\u2022 Geograf\u00eda e Historia<br>\u2022 Biolog\u00eda y Geolog\u00eda<br>\u2022 Dibujo<br>\u2022 M\u00fasica<br>\u2022 Educaci\u00f3n F\u00edsica<br>\u2022 Orientaci\u00f3n Educativa<\/p>\n\n\n\n<p><strong><em>Plazo: Hasta el 01 de marzo de 2021 a las 23:59<\/em><\/strong><\/p>\n\n\n\n<p><a rel=\"noreferrer noopener\" href=\"http:\/\/www.educacionyfp.gob.es\/servicios-al-ciudadano\/catalogo\/general\/20\/200334\/portugal\/200334-interinos-portugal-2020-2021.html\" target=\"_blank\">Acceso al tr\u00e1mite.<\/a><\/p>\n\n\n\n<p><strong>ALEMANIA<\/strong><\/p>\n\n\n\n<p><em>Especialidades convocadas:<\/em><\/p>\n\n\n\n<ul class=\"wp-block-list\"><li>MAESTROS<ul><li>Especialidades: Educaci\u00f3n Primaria y Lengua extranjera: alem\u00e1n, ingl\u00e9s y franc\u00e9s<\/li><\/ul><\/li><li>PROFESORES DE EDUCACI\u00d3N SECUNDARIA<ul><li>Especialidades: Lengua castellana y Literatura y Geograf\u00eda e Historia<\/li><\/ul><\/li><\/ul>\n\n\n\n<p><strong><em>Plazo: Hasta el 02 de marzo de 2021 a las 23:59<\/em><\/strong><\/p>\n\n\n\n<p><a href=\"http:\/\/www.educacionyfp.gob.es\/servicios-al-ciudadano\/catalogo\/general\/20\/200334\/alemania\/200334-alemania-2021-2022.html\" target=\"_blank\" rel=\"noreferrer noopener\">Acceso al tr\u00e1mite.<\/a><\/p>\n\n\n\n<p><strong>ITALIA<\/strong><\/p>\n\n\n\n<p>Plazas convocadas:<\/p>\n\n\n\n<ul class=\"wp-block-list\"><li><strong>Cuerpo de Maestros:<\/strong><ul><li>Educaci\u00f3n F\u00edsica<\/li><li>Educaci\u00f3n Infantil<\/li><li>M\u00fasica<\/li><li>Educaci\u00f3n Primaria<\/li><\/ul><\/li><li><strong>Cuerpo de Profesores de Educaci\u00f3n Secundaria<\/strong>:<ul><li>Filosof\u00eda<\/li><li>Biolog\u00eda y Geolog\u00eda<\/li><li>Educaci\u00f3n F\u00edsica<\/li><li>Lengua Castellana y Literatura<\/li><li>Matem\u00e1ticas<\/li><li>Ingl\u00e9s<\/li><\/ul><\/li><\/ul>\n\n\n\n<p><strong><em>Plazo: Hasta el 04 de marzo de 2021 a las 17:30<\/em><\/strong><\/p>\n\n\n\n<p><a rel=\"noreferrer noopener\" href=\"http:\/\/www.educacionyfp.gob.es\/servicios-al-ciudadano\/catalogo\/general\/20\/200334\/italia\/200334-italia-2021-2022.html\" target=\"_blank\">Acceso al tr\u00e1mite.<\/a><\/p>\n\n\n\n<p><strong>ANDORRA<\/strong><\/p>\n\n\n\n<p><em>Especialidades convocadas:<\/em><\/p>\n\n\n\n<p>MAESTROS<\/p>\n\n\n\n<ul class=\"wp-block-list\"><li>Educaci\u00f3n Infantil<\/li><li>Educaci\u00f3n Primaria<\/li><li>Lengua Extranjera: Franc\u00e9s<\/li><li>M\u00fasica<br>PROFESORES DE EDUCACI\u00d3N SECUNDARIA<\/li><li>Dibujo<\/li><li>Educaci\u00f3n F\u00edsica<\/li><li>Filosof\u00eda<\/li><li>Franc\u00e9s<\/li><li>Geograf\u00eda e Historia<\/li><li>Lat\u00edn<\/li><li>Matem\u00e1ticas<\/li><li>M\u00fasica<\/li><li>Tecnolog\u00eda<\/li><\/ul>\n\n\n\n<p><em><strong>Plazo de solicitudes: \u00a0hasta el 26 de febrero de 2021 a las 17:30<\/strong><\/em><\/p>\n\n\n\n<p><a rel=\"noreferrer noopener\" href=\"http:\/\/www.educacionyfp.gob.es\/servicios-al-ciudadano\/catalogo\/general\/20\/200334\/andorra\/200334-andorra-2021-2022.html\" target=\"_blank\">Acceso al tr\u00e1mite.<\/a><\/p>\n\n\n\n<p><strong>AUSTRIA Y SUIZA<\/strong><\/p>\n\n\n\n<p><em>Especialidades convocadas: Sin especificar<\/em><\/p>\n\n\n\n<p><strong><em>Plazo de solicitudes: Hasta el 26 de febrero de 2021 a las 23:59<\/em><\/strong><\/p>\n\n\n\n<p><a rel=\"noreferrer noopener\" href=\"http:\/\/www.educacionyfp.gob.es\/servicios-al-ciudadano\/catalogo\/general\/20\/200334\/suiza\/200334-suiza-2020-2021.html\" target=\"_blank\">Acceso al tr\u00e1mite<\/a>.<\/p>\n\n\n\n<p><strong>B\u00c9LGICA, PA\u00cdSES BAJOS Y LUXEMBURGO<\/strong><\/p>\n\n\n\n<p><em>Especialidades convocadas: Sin especificar<\/em><\/p>\n\n\n\n<p><strong><em>Plazo de solicitudes: Hasta el el 01 de marzo de 2021.<\/em><\/strong><\/p>\n\n\n\n<p><a href=\"http:\/\/www.educacionyfp.gob.es\/servicios-al-ciudadano\/catalogo\/general\/20\/200334\/belgica-paises-bajos-luxemburgo\/200334-paises-bajos-2020-2021.html\" target=\"_blank\" rel=\"noreferrer noopener\">Acceso al tr\u00e1mite<\/a>.<\/p>\n","protected":false},"excerpt":{"rendered":"<p>Se han publicado diversas Resoluciones por las que se convocan procedimientos para la formaci\u00f3n de listas de docentes interinos en diversos pa\u00edses en el Exterior: PORTUGAL Especialidades convocadas: MAESTROS\u2022 Educaci\u00f3n Primaria\u2022 Educaci\u00f3n Infantil\u2022 Idioma extranjero: Ingl\u00e9s\u2022 M\u00fasica\u2022 Educaci\u00f3n F\u00edsicaPROFESORES DE EDUCACI\u00d3N SECUNDARIA\u2022 F\u00edsica y Qu\u00edmica\u2022 Matem\u00e1ticas\u2022 Ingl\u00e9s\u2022 Franc\u00e9s\u2022 Tecnolog\u00eda\u2022 Filosof\u00eda\u2022 Lengua Castellana y Literatura\u2022 Geograf\u00eda [&hellip;]<\/p>\n","protected":false},"author":3,"featured_media":0,"comment_status":"open","ping_status":"open","sticky":false,"template":"","format":"standard","meta":{"_jetpack_memberships_contains_paid_content":false,"footnotes":""},"categories":[17],"tags":[],"class_list":["post-2228","post","type-post","status-publish","format-standard","hentry","category-noticias"],"jetpack_featured_media_url":"","jetpack_sharing_enabled":true,"_links":{"self":[{"href":"https:\/\/feteugtmelilla.es\/index.php?rest_route=\/wp\/v2\/posts\/2228","targetHints":{"allow":["GET"]}}],"collection":[{"href":"https:\/\/feteugtmelilla.es\/index.php?rest_route=\/wp\/v2\/posts"}],"about":[{"href":"https:\/\/feteugtmelilla.es\/index.php?rest_route=\/wp\/v2\/types\/post"}],"author":[{"embeddable":true,"href":"https:\/\/feteugtmelilla.es\/index.php?rest_route=\/wp\/v2\/users\/3"}],"replies":[{"embeddable":true,"href":"https:\/\/feteugtmelilla.es\/index.php?rest_route=%2Fwp%2Fv2%2Fcomments&post=2228"}],"version-history":[{"count":2,"href":"https:\/\/feteugtmelilla.es\/index.php?rest_route=\/wp\/v2\/posts\/2228\/revisions"}],"predecessor-version":[{"id":2230,"href":"https:\/\/feteugtmelilla.es\/index.php?rest_route=\/wp\/v2\/posts\/2228\/revisions\/2230"}],"wp:attachment":[{"href":"https:\/\/feteugtmelilla.es\/index.php?rest_route=%2Fwp%2Fv2%2Fmedia&parent=2228"}],"wp:term":[{"taxonomy":"category","embeddable":true,"href":"https:\/\/feteugtmelilla.es\/index.php?rest_route=%2Fwp%2Fv2%2Fcategories&post=2228"},{"taxonomy":"post_tag","embeddable":true,"href":"https:\/\/feteugtmelilla.es\/index.php?rest_route=%2Fwp%2Fv2%2Ftags&post=2228"}],"curies":[{"name":"wp","href":"https:\/\/api.w.org\/{rel}","templated":true}]}}