{"id":2191,"date":"2021-02-10T13:55:14","date_gmt":"2021-02-10T12:55:14","guid":{"rendered":"http:\/\/feteugtmelilla.es\/?p=2191"},"modified":"2021-02-10T13:55:16","modified_gmt":"2021-02-10T12:55:16","slug":"curso-multicultura-ceuta-y-melilla-marzo-2021","status":"publish","type":"post","link":"https:\/\/feteugtmelilla.es\/?p=2191","title":{"rendered":"CURSO MULTICULTURA CEUTA Y MELILLA &#8211; MARZO 2021"},"content":{"rendered":"\n<p>Ya est\u00e1 en marcha una nueva edici\u00f3n de nuestro curso <em>ASPECTOS SINGULARES DEL MULTILING\u00dc\u00cdSMO Y LA DIVERSIDAD CULTURAL EN LAS CIUDADES DE CEUTA Y MELILLA (MARZO 2021)<\/em>. <strong>El plazo de inscripci\u00f3n es hasta el pr\u00f3ximo 25 de febrero<\/strong>. Este curso es <em>v\u00e1lido para obtener <strong>un punto<\/strong> en el apartado 3.3 de baremo de interino<\/em>s. Puedes hacer tu inscripci\u00f3n <a rel=\"noreferrer noopener\" href=\"https:\/\/forms.gle\/NrUFrob2KKgMmevk8\" target=\"_blank\"><strong>aqu\u00ed<\/strong><\/a>.<\/p>\n\n\n\n<p><\/p>\n","protected":false},"excerpt":{"rendered":"<p>Ya est\u00e1 en marcha una nueva edici\u00f3n de nuestro curso ASPECTOS SINGULARES DEL MULTILING\u00dc\u00cdSMO Y LA DIVERSIDAD CULTURAL EN LAS CIUDADES DE CEUTA Y MELILLA (MARZO 2021). El plazo de inscripci\u00f3n es hasta el pr\u00f3ximo 25 de febrero. Este curso es v\u00e1lido para obtener un punto en el apartado 3.3 de baremo de interinos. Puedes [&hellip;]<\/p>\n","protected":false},"author":3,"featured_media":0,"comment_status":"open","ping_status":"open","sticky":false,"template":"","format":"standard","meta":{"_jetpack_memberships_contains_paid_content":false,"footnotes":""},"categories":[10],"tags":[239,317],"class_list":["post-2191","post","type-post","status-publish","format-standard","hentry","category-formacion","tag-curso-multicultura-2020","tag-curso-multicultura-2021-marzo"],"jetpack_featured_media_url":"","jetpack_sharing_enabled":true,"_links":{"self":[{"href":"https:\/\/feteugtmelilla.es\/index.php?rest_route=\/wp\/v2\/posts\/2191","targetHints":{"allow":["GET"]}}],"collection":[{"href":"https:\/\/feteugtmelilla.es\/index.php?rest_route=\/wp\/v2\/posts"}],"about":[{"href":"https:\/\/feteugtmelilla.es\/index.php?rest_route=\/wp\/v2\/types\/post"}],"author":[{"embeddable":true,"href":"https:\/\/feteugtmelilla.es\/index.php?rest_route=\/wp\/v2\/users\/3"}],"replies":[{"embeddable":true,"href":"https:\/\/feteugtmelilla.es\/index.php?rest_route=%2Fwp%2Fv2%2Fcomments&post=2191"}],"version-history":[{"count":1,"href":"https:\/\/feteugtmelilla.es\/index.php?rest_route=\/wp\/v2\/posts\/2191\/revisions"}],"predecessor-version":[{"id":2193,"href":"https:\/\/feteugtmelilla.es\/index.php?rest_route=\/wp\/v2\/posts\/2191\/revisions\/2193"}],"wp:attachment":[{"href":"https:\/\/feteugtmelilla.es\/index.php?rest_route=%2Fwp%2Fv2%2Fmedia&parent=2191"}],"wp:term":[{"taxonomy":"category","embeddable":true,"href":"https:\/\/feteugtmelilla.es\/index.php?rest_route=%2Fwp%2Fv2%2Fcategories&post=2191"},{"taxonomy":"post_tag","embeddable":true,"href":"https:\/\/feteugtmelilla.es\/index.php?rest_route=%2Fwp%2Fv2%2Ftags&post=2191"}],"curies":[{"name":"wp","href":"https:\/\/api.w.org\/{rel}","templated":true}]}}