{"id":2174,"date":"2021-02-08T17:03:56","date_gmt":"2021-02-08T16:03:56","guid":{"rendered":"http:\/\/feteugtmelilla.es\/?p=2174"},"modified":"2021-02-08T19:03:54","modified_gmt":"2021-02-08T18:03:54","slug":"ofertas-laborales-para-maestros-madrid-y-andalucia","status":"publish","type":"post","link":"https:\/\/feteugtmelilla.es\/?p=2174","title":{"rendered":"OFERTAS LABORALES PARA MAESTROS: MADRID Y ANDALUC\u00cdA"},"content":{"rendered":"\n<h3 class=\"wp-block-heading\">Ayuntamiento de Madrid: Convocatoria proceso selectivo para cubrir Catorce plazas de Maestro de Primaria. <\/h3>\n\n\n\n<h3 class=\"wp-block-heading\">DESCRIPCI\u00d3N<\/h3>\n\n\n\n<ul class=\"wp-block-list\"><li><strong>Proceso selectivo:<\/strong>\u00a0Oposici\u00f3n<\/li><li><strong>Tipo de Acceso:<\/strong>\u00a0Turno libre<\/li><li><strong>Plazas:\u00a0<\/strong>Catorce plazas de Maestro\/a de Primaria, pertenecientes a la escala de Administraci\u00f3n Especial, subescala T\u00e9cnica, Grupo A, Subgrupo A2<\/li><li><strong>Titulaci\u00f3n requerida:<\/strong>\u00a0Estar en posesi\u00f3n del t\u00edtulo de Maestro\/a, especialidad de Educaci\u00f3n Primaria,\u00a0o el t\u00edtulo de Grado que habilite para el ejercicio de esta profesi\u00f3n regulada, seg\u00fan\u00a0establecen las directivas comunitarias\u00a0<a rel=\"noreferrer noopener\" href=\"https:\/\/sede.madrid.es\/FrameWork\/generacionPDF\/boam8764_1971.pdf?numeroPublicacion=8764&amp;idSeccion=ca76632daad85710VgnVCM2000001f4a900aRCRD&amp;nombreFichero=boam8764_1971&amp;cacheKey=41&amp;guid=a9f120004a475710VgnVCM2000001f4a900aRCRD&amp;csv=true\" target=\"_blank\">ver bases de la convocatoria<\/a><\/li><li><strong>Organismo Convocante:<\/strong>\u00a0Ayuntamiento de Madrid<\/li><li><strong>Plazo de solicitud:<\/strong>\u00a0<em>hasta el 8 de marzo de 2021<\/em><\/li><li><strong>Enlace a la sede electr\u00f3nica<\/strong><em><a href=\"https:\/\/www.madrid.es\/portales\/munimadrid\/es\/Inicio\/Educacion-y-empleo\/Empleo\/Oposiciones-y-bolsas-de-trabajo\/Oposiciones\/Maestro-a-de-Primaria-del-Ayuntamiento-de-Madrid\/?vgnextfmt=default&amp;vgnextoid=04efd3650fc95710VgnVCM1000001d4a900aRCRD&amp;vgnextchannel=4ac5c5dee78fe410VgnVCM1000000b205a0aRCRD\" data-type=\"URL\" target=\"_blank\" rel=\"noreferrer noopener\"> aqu\u00ed<\/a><\/em>.<\/li><\/ul>\n\n\n\n<h3 class=\"wp-block-heading\">Junta de Andaluc\u00eda: Convocatoria Bolsas docentes para determinadas especialidades del Cuerpo de Maestros.<\/h3>\n\n\n\n<h3 class=\"wp-block-heading\">DESCRIPCI\u00d3N<\/h3>\n\n\n\n<ul class=\"wp-block-list\"><li><strong>Proceso selectivo:<\/strong>\u00a0Concurso de m\u00e9ritos<\/li><li><strong>Tipo de Acceso:<\/strong>\u00a0Turno Libre<\/li><li><strong>Plazas:<\/strong>\u00a0Bolsas docentes para determinadas especialidades del Cuerpo de Maestras\/os (Ver desglose de las especialidades convocadas m\u00e1s abajo)<\/li><li><strong>Titulaci\u00f3n requerida:<\/strong>\u00a0<a rel=\"noreferrer noopener\" href=\"https:\/\/www.juntadeandalucia.es\/boja\/2021\/23\/BOJA21-023-00016-1565-01_00185497.pdf\" target=\"_blank\">Ver bases de la convocatoria<\/a><\/li><li><strong>Plazo de solicitud:\u00a0<\/strong><em>hasta el 18 de febrero de 2021<\/em><\/li><li><strong>Solicitud:<\/strong><em><strong>\u00a0<\/strong><a href=\"https:\/\/www.juntadeandalucia.es\/educacion\/portals\/web\/ced\/bolsa-de-trabajo\/convocatoria-extraordinaria-2021\" target=\"_blank\" rel=\"noreferrer noopener\">aqu\u00ed<\/a><\/em>.<\/li><\/ul>\n\n\n\n<p><strong>CUERPO DE MAESTROS\/AS (597)<\/strong><\/p>\n\n\n\n<figure class=\"wp-block-table\"><table><tbody><tr><td>C\u00d3DIGO<\/td><td>ESPECIALIDAD\/PUESTO<\/td><td>C\u00d3DIGO<\/td><td>ESPECIALIDAD\/PUESTO<\/td><\/tr><tr><td>00597032<\/td><td>Lengua extranjera &#8211; Ingl\u00e9s<\/td><td>11597035<\/td><td>M\u00fasica &#8211; Ingl\u00e9s<\/td><\/tr><tr><td>00597033<\/td><td>Lengua extranjera &#8211; Franc\u00e9s<\/td><td>00597037<\/td><td>Audici\u00f3n y lenguaje<\/td><\/tr><tr><td>00597034<\/td><td>Educaci\u00f3n F\u00edsica<\/td><td>00597038<\/td><td>Educaci\u00f3n Primaria<\/td><\/tr><tr><td>10597034<\/td><td>Educaci\u00f3n F\u00edsica &#8211; Franc\u00e9s<\/td><td>11597038<\/td><td>Educaci\u00f3n Primaria &#8211; Ingl\u00e9s<\/td><\/tr><tr><td>12597034<\/td><td>Educaci\u00f3n F\u00edsica &#8211; Alem\u00e1n<\/td><td>12597038<\/td><td>Educaci\u00f3n Primaria &#8211; Alem\u00e1n<\/td><\/tr><tr><td>00597035<\/td><td>M\u00fasica<\/td><td>00597039<\/td><td>Lengua extranjera &#8211; Alem\u00e1n<\/td><\/tr><\/tbody><\/table><\/figure>\n","protected":false},"excerpt":{"rendered":"<p>Ayuntamiento de Madrid: Convocatoria proceso selectivo para cubrir Catorce plazas de Maestro de Primaria. DESCRIPCI\u00d3N Proceso selectivo:\u00a0Oposici\u00f3n Tipo de Acceso:\u00a0Turno libre Plazas:\u00a0Catorce plazas de Maestro\/a de Primaria, pertenecientes a la escala de Administraci\u00f3n Especial, subescala T\u00e9cnica, Grupo A, Subgrupo A2 Titulaci\u00f3n requerida:\u00a0Estar en posesi\u00f3n del t\u00edtulo de Maestro\/a, especialidad de Educaci\u00f3n Primaria,\u00a0o el t\u00edtulo de [&hellip;]<\/p>\n","protected":false},"author":3,"featured_media":0,"comment_status":"open","ping_status":"open","sticky":false,"template":"","format":"standard","meta":{"_jetpack_memberships_contains_paid_content":false,"footnotes":""},"categories":[18],"tags":[315],"class_list":["post-2174","post","type-post","status-publish","format-standard","hentry","category-ensenanza-publica","tag-oposiciones-maestros-madrid-ayuntamiento"],"jetpack_featured_media_url":"","jetpack_sharing_enabled":true,"_links":{"self":[{"href":"https:\/\/feteugtmelilla.es\/index.php?rest_route=\/wp\/v2\/posts\/2174","targetHints":{"allow":["GET"]}}],"collection":[{"href":"https:\/\/feteugtmelilla.es\/index.php?rest_route=\/wp\/v2\/posts"}],"about":[{"href":"https:\/\/feteugtmelilla.es\/index.php?rest_route=\/wp\/v2\/types\/post"}],"author":[{"embeddable":true,"href":"https:\/\/feteugtmelilla.es\/index.php?rest_route=\/wp\/v2\/users\/3"}],"replies":[{"embeddable":true,"href":"https:\/\/feteugtmelilla.es\/index.php?rest_route=%2Fwp%2Fv2%2Fcomments&post=2174"}],"version-history":[{"count":4,"href":"https:\/\/feteugtmelilla.es\/index.php?rest_route=\/wp\/v2\/posts\/2174\/revisions"}],"predecessor-version":[{"id":2182,"href":"https:\/\/feteugtmelilla.es\/index.php?rest_route=\/wp\/v2\/posts\/2174\/revisions\/2182"}],"wp:attachment":[{"href":"https:\/\/feteugtmelilla.es\/index.php?rest_route=%2Fwp%2Fv2%2Fmedia&parent=2174"}],"wp:term":[{"taxonomy":"category","embeddable":true,"href":"https:\/\/feteugtmelilla.es\/index.php?rest_route=%2Fwp%2Fv2%2Fcategories&post=2174"},{"taxonomy":"post_tag","embeddable":true,"href":"https:\/\/feteugtmelilla.es\/index.php?rest_route=%2Fwp%2Fv2%2Ftags&post=2174"}],"curies":[{"name":"wp","href":"https:\/\/api.w.org\/{rel}","templated":true}]}}