{"id":2168,"date":"2021-02-05T12:58:28","date_gmt":"2021-02-05T11:58:28","guid":{"rendered":"http:\/\/feteugtmelilla.es\/?p=2168"},"modified":"2021-02-05T12:58:30","modified_gmt":"2021-02-05T11:58:30","slug":"reunion-dp-mefp-y-sindicatos-05-02-2021","status":"publish","type":"post","link":"https:\/\/feteugtmelilla.es\/?p=2168","title":{"rendered":"REUNI\u00d3N DP-MEFP Y SINDICATOS (05\/02\/2021)"},"content":{"rendered":"\n<p>En el d\u00eda hoy las organizaciones sindicales hemos mantenido una reuni\u00f3n con &nbsp;la Direcci\u00f3n Provincial del MEFP en el que se han tratado diversas cuestiones de car\u00e1cter general que a continuaci\u00f3n:<\/p>\n\n\n\n<ul class=\"wp-block-list\"><li>La Subdirecci\u00f3n General de Centros ha autorizado <em>el cambio de la evaluaci\u00f3n extraordinaria de 2\u00ba de bachillerato<\/em> a finales de junio para adecuarlo al calendario de la PEVAU que, a partir de este curso, se va a celebrar en junio (ordinaria) y julio (extraordinaria).<\/li><li>Con la finalidad de acceder a las <em>comunicaciones a trav\u00e9s del portal Funciona<\/em>, y para facilitar la comunicaci\u00f3n con todos los docentes para cualquier gesti\u00f3n o comunicaci\u00f3n de la DP es necesario que en Albor\u00e1n est\u00e9 en la base de datos el correo corporativo. Por lo que se solicit\u00f3 a los centros que as\u00ed se hiciera en el trimestre pasado con fecha de plazo l\u00edmite el 15\/I\/2021.<\/li><li><em>Acuerdo MEFP-CAM<\/em>: se informa del acuerdo llegado entre ambas administraciones por el que se implantar\u00e1 un <em>Programa de Refuerzo Educativo COVID<\/em> por el que se prev\u00e9 la contrataci\u00f3n de personal docente y no docente por parte de la CAM en horario de tarde, as\u00ed como la puesta de marcha del <em>Programas de Agentes de Igualdad<\/em>, bajo la supervisi\u00f3n de los responsables de igualdad de los centros educativos.<\/li><li><em>Calendario de Implantaci\u00f3n de la LOMLOE<\/em> *(tabla adjunta)<\/li><\/ul>\n\n\n\n<p>En<em> ruegos y preguntas,<\/em> planteamos las siguientes cuestiones:<\/p>\n\n\n\n<ul class=\"wp-block-list\"><li><em>Cobro del complemento del funcionario del Cuerpo de Maestros que ejercen sus funciones en IES<\/em>: se nos aclara que los de carrera los cobran de oficio, mientras que los funcionarios interinos deben solicitarlo.<\/li><li><em>Cupo sustituciones<\/em>: en Primaria e Infantil se est\u00e1 ligeramente por encima, mientras que en Secundaria, a\u00fan se cuenta con margen.<\/li><li><em>Datos COVID<\/em>: a pesar de los datos que se facilitan en el Comit\u00e9 de Prevenci\u00f3n y Seguridad Laboral, pedimos que estos datos se faciliten de manera p\u00fablica.<\/li><li><em>Convocatorias extraordinarias previstas<\/em>: de manera inminente se convocar\u00e1n las especialidades de Pedagog\u00eda Terap\u00e9utica y de Orientaci\u00f3n Educativa, as\u00ed como alguna m\u00e1s de Formaci\u00f3n Profesional, que a\u00fan se est\u00e1 valorando.<\/li><\/ul>\n\n\n\n<figure class=\"wp-block-image size-large\"><img decoding=\"async\" src=\"http:\/\/feteugtmelilla.es\/wp-content\/uploads\/2021\/02\/FETE-INFORMA-Reunion-Sinidicatos.DP-05.02.21-page-002-724x1024.jpg\" alt=\"\" class=\"wp-image-2169\"\/><\/figure>\n","protected":false},"excerpt":{"rendered":"<p>En el d\u00eda hoy las organizaciones sindicales hemos mantenido una reuni\u00f3n con &nbsp;la Direcci\u00f3n Provincial del MEFP en el que se han tratado diversas cuestiones de car\u00e1cter general que a continuaci\u00f3n: La Subdirecci\u00f3n General de Centros ha autorizado el cambio de la evaluaci\u00f3n extraordinaria de 2\u00ba de bachillerato a finales de junio para adecuarlo al [&hellip;]<\/p>\n","protected":false},"author":3,"featured_media":1669,"comment_status":"open","ping_status":"open","sticky":false,"template":"","format":"standard","meta":{"_jetpack_memberships_contains_paid_content":false,"footnotes":""},"categories":[18,17],"tags":[],"class_list":["post-2168","post","type-post","status-publish","format-standard","has-post-thumbnail","hentry","category-ensenanza-publica","category-noticias"],"jetpack_featured_media_url":"https:\/\/feteugtmelilla.es\/wp-content\/uploads\/2020\/04\/UGT-INFORMA11-550.jpg","jetpack_sharing_enabled":true,"_links":{"self":[{"href":"https:\/\/feteugtmelilla.es\/index.php?rest_route=\/wp\/v2\/posts\/2168","targetHints":{"allow":["GET"]}}],"collection":[{"href":"https:\/\/feteugtmelilla.es\/index.php?rest_route=\/wp\/v2\/posts"}],"about":[{"href":"https:\/\/feteugtmelilla.es\/index.php?rest_route=\/wp\/v2\/types\/post"}],"author":[{"embeddable":true,"href":"https:\/\/feteugtmelilla.es\/index.php?rest_route=\/wp\/v2\/users\/3"}],"replies":[{"embeddable":true,"href":"https:\/\/feteugtmelilla.es\/index.php?rest_route=%2Fwp%2Fv2%2Fcomments&post=2168"}],"version-history":[{"count":2,"href":"https:\/\/feteugtmelilla.es\/index.php?rest_route=\/wp\/v2\/posts\/2168\/revisions"}],"predecessor-version":[{"id":2171,"href":"https:\/\/feteugtmelilla.es\/index.php?rest_route=\/wp\/v2\/posts\/2168\/revisions\/2171"}],"wp:featuredmedia":[{"embeddable":true,"href":"https:\/\/feteugtmelilla.es\/index.php?rest_route=\/wp\/v2\/media\/1669"}],"wp:attachment":[{"href":"https:\/\/feteugtmelilla.es\/index.php?rest_route=%2Fwp%2Fv2%2Fmedia&parent=2168"}],"wp:term":[{"taxonomy":"category","embeddable":true,"href":"https:\/\/feteugtmelilla.es\/index.php?rest_route=%2Fwp%2Fv2%2Fcategories&post=2168"},{"taxonomy":"post_tag","embeddable":true,"href":"https:\/\/feteugtmelilla.es\/index.php?rest_route=%2Fwp%2Fv2%2Ftags&post=2168"}],"curies":[{"name":"wp","href":"https:\/\/api.w.org\/{rel}","templated":true}]}}