{"id":2154,"date":"2021-01-26T12:07:19","date_gmt":"2021-01-26T11:07:19","guid":{"rendered":"http:\/\/feteugtmelilla.es\/?p=2154"},"modified":"2021-01-26T12:07:21","modified_gmt":"2021-01-26T11:07:21","slug":"fesp-ugt-firma-el-acuerdo-en-el-sima-para-las-categorias-inferiores-al-smi-del-xii-convenio-de-educacion-infantil","status":"publish","type":"post","link":"https:\/\/feteugtmelilla.es\/?p=2154","title":{"rendered":"Fesp-UGT firma el acuerdo en el SIMA para las categor\u00edas inferiores al SMI del XII Convenio de Educaci\u00f3n Infantil"},"content":{"rendered":"\n<p>Ayer se celebr\u00f3 una reuni\u00f3n del SIMA (Servicio Interconfederal de Mediaci\u00f3n y Arbitraje) en Madrid para la aplicaci\u00f3n del SMI en Infantil. Ha habido un Acuerdo entre todos, menos CCOO, para su aplicaci\u00f3n.<\/p>\n\n\n\n<p>Los t\u00e9rminos del Acuerdo ser\u00e1 de 950 euros mensuales o 13.3000 anuales dejando los CPP como est\u00e1n en la actualidad para todas las trabajadoras y trabajadores que ten\u00edan un salario inferior. De la misma manera se ha acordado que ser\u00e1 la comisi\u00f3n negociadora, el pr\u00f3ximo martes, donde se firme, para su publicaci\u00f3n en el BOE.<\/p>\n\n\n\n<p>Incompresiblemente CCOO se ha quedado fuera.<\/p>\n\n\n\n<p>El pr\u00f3ximo martes, tambi\u00e9n en el SIMA, se debatir\u00e1 sobre el salario de las educadoras\/es y su diferencial positivo sobre el acuerdo general del SMI acordado hoy.<\/p>\n\n\n\n<p>Por tanto, hoy se ha acordado el SMI y el martes que viene el salario de los educadoras.<\/p>\n\n\n\n<p>Hay que recordar que este convenio fue favorecido por el sindicato mayoritario en el sector, CCOO que, sin embargo y de manera incomprensible, no apercibi\u00f3 el problema que se iba a generar.<\/p>\n\n\n\n<p>Desde UGT esperamos que en las pr\u00f3ximas reuniones que se realicen, los representantes empresariales reconozcan la necesidad de llegar a un acuerdo.<\/p>\n","protected":false},"excerpt":{"rendered":"<p>Ayer se celebr\u00f3 una reuni\u00f3n del SIMA (Servicio Interconfederal de Mediaci\u00f3n y Arbitraje) en Madrid para la aplicaci\u00f3n del SMI en Infantil. Ha habido un Acuerdo entre todos, menos CCOO, para su aplicaci\u00f3n. Los t\u00e9rminos del Acuerdo ser\u00e1 de 950 euros mensuales o 13.3000 anuales dejando los CPP como est\u00e1n en la actualidad para todas [&hellip;]<\/p>\n","protected":false},"author":5,"featured_media":1940,"comment_status":"open","ping_status":"open","sticky":false,"template":"","format":"standard","meta":{"_jetpack_memberships_contains_paid_content":false,"footnotes":""},"categories":[7,17],"tags":[],"class_list":["post-2154","post","type-post","status-publish","format-standard","has-post-thumbnail","hentry","category-ensenanza-privada","category-noticias"],"jetpack_featured_media_url":"https:\/\/feteugtmelilla.es\/wp-content\/uploads\/2020\/09\/logofespmelilla.png","jetpack_sharing_enabled":true,"_links":{"self":[{"href":"https:\/\/feteugtmelilla.es\/index.php?rest_route=\/wp\/v2\/posts\/2154","targetHints":{"allow":["GET"]}}],"collection":[{"href":"https:\/\/feteugtmelilla.es\/index.php?rest_route=\/wp\/v2\/posts"}],"about":[{"href":"https:\/\/feteugtmelilla.es\/index.php?rest_route=\/wp\/v2\/types\/post"}],"author":[{"embeddable":true,"href":"https:\/\/feteugtmelilla.es\/index.php?rest_route=\/wp\/v2\/users\/5"}],"replies":[{"embeddable":true,"href":"https:\/\/feteugtmelilla.es\/index.php?rest_route=%2Fwp%2Fv2%2Fcomments&post=2154"}],"version-history":[{"count":1,"href":"https:\/\/feteugtmelilla.es\/index.php?rest_route=\/wp\/v2\/posts\/2154\/revisions"}],"predecessor-version":[{"id":2157,"href":"https:\/\/feteugtmelilla.es\/index.php?rest_route=\/wp\/v2\/posts\/2154\/revisions\/2157"}],"wp:featuredmedia":[{"embeddable":true,"href":"https:\/\/feteugtmelilla.es\/index.php?rest_route=\/wp\/v2\/media\/1940"}],"wp:attachment":[{"href":"https:\/\/feteugtmelilla.es\/index.php?rest_route=%2Fwp%2Fv2%2Fmedia&parent=2154"}],"wp:term":[{"taxonomy":"category","embeddable":true,"href":"https:\/\/feteugtmelilla.es\/index.php?rest_route=%2Fwp%2Fv2%2Fcategories&post=2154"},{"taxonomy":"post_tag","embeddable":true,"href":"https:\/\/feteugtmelilla.es\/index.php?rest_route=%2Fwp%2Fv2%2Ftags&post=2154"}],"curies":[{"name":"wp","href":"https:\/\/api.w.org\/{rel}","templated":true}]}}