{"id":2084,"date":"2020-11-24T16:09:54","date_gmt":"2020-11-24T15:09:54","guid":{"rendered":"http:\/\/feteugtmelilla.es\/?p=2084"},"modified":"2020-11-24T16:09:56","modified_gmt":"2020-11-24T15:09:56","slug":"listados-definitivos-de-admitidos-y-excluidos","status":"publish","type":"post","link":"https:\/\/feteugtmelilla.es\/?p=2084","title":{"rendered":"LISTADOS DEFINITIVOS DE ADMITIDOS Y EXCLUIDOS"},"content":{"rendered":"\n<p>En el d\u00eda de hoy se han hecho p\u00fablicos los listados definitivos de admitidos y excluidos a la II convocatoria extraordinaria:<\/p>\n\n\n\n<ul class=\"wp-block-list\"><li><a rel=\"noreferrer noopener\" href=\"http:\/\/www.educacionyfp.gob.es\/dam\/jcr:8af3efcc-4c37-48fa-a3c8-c1701c2af40e\/resolucion-definitiva-listados.pdf\" target=\"_blank\">Resoluci\u00f3n definitiva.<\/a><\/li><li><a rel=\"noreferrer noopener\" href=\"http:\/\/www.educacionyfp.gob.es\/dam\/jcr:cb18f2cb-59ba-4efe-9654-919f3cd2fb88\/listados-definitivos-admitidos.pdf\" target=\"_blank\">Listado definitivos de admitidos.<\/a><\/li><li><a rel=\"noreferrer noopener\" href=\"http:\/\/www.educacionyfp.gob.es\/dam\/jcr:a1b85f32-e0ed-465a-a483-348f6cd6b04e\/listados-definitivos-excluidos.pdf\" target=\"_blank\">Listado definitivo de excluidos.<\/a><\/li><li><a rel=\"noreferrer noopener\" href=\"http:\/\/www.educacionyfp.gob.es\/dam\/jcr:8501cb2e-7bd4-4e8a-a5fe-6ba955047feb\/causas-exclusion-nueva.pdf\" target=\"_blank\">Causas de exclusi\u00f3n.<\/a><\/li><\/ul>\n\n\n\n<p><\/p>\n","protected":false},"excerpt":{"rendered":"<p>En el d\u00eda de hoy se han hecho p\u00fablicos los listados definitivos de admitidos y excluidos a la II convocatoria extraordinaria: Resoluci\u00f3n definitiva. Listado definitivos de admitidos. Listado definitivo de excluidos. Causas de exclusi\u00f3n.<\/p>\n","protected":false},"author":3,"featured_media":0,"comment_status":"open","ping_status":"open","sticky":false,"template":"","format":"standard","meta":{"_jetpack_memberships_contains_paid_content":false,"footnotes":""},"categories":[18],"tags":[],"class_list":["post-2084","post","type-post","status-publish","format-standard","hentry","category-ensenanza-publica"],"jetpack_featured_media_url":"","jetpack_sharing_enabled":true,"_links":{"self":[{"href":"https:\/\/feteugtmelilla.es\/index.php?rest_route=\/wp\/v2\/posts\/2084","targetHints":{"allow":["GET"]}}],"collection":[{"href":"https:\/\/feteugtmelilla.es\/index.php?rest_route=\/wp\/v2\/posts"}],"about":[{"href":"https:\/\/feteugtmelilla.es\/index.php?rest_route=\/wp\/v2\/types\/post"}],"author":[{"embeddable":true,"href":"https:\/\/feteugtmelilla.es\/index.php?rest_route=\/wp\/v2\/users\/3"}],"replies":[{"embeddable":true,"href":"https:\/\/feteugtmelilla.es\/index.php?rest_route=%2Fwp%2Fv2%2Fcomments&post=2084"}],"version-history":[{"count":1,"href":"https:\/\/feteugtmelilla.es\/index.php?rest_route=\/wp\/v2\/posts\/2084\/revisions"}],"predecessor-version":[{"id":2085,"href":"https:\/\/feteugtmelilla.es\/index.php?rest_route=\/wp\/v2\/posts\/2084\/revisions\/2085"}],"wp:attachment":[{"href":"https:\/\/feteugtmelilla.es\/index.php?rest_route=%2Fwp%2Fv2%2Fmedia&parent=2084"}],"wp:term":[{"taxonomy":"category","embeddable":true,"href":"https:\/\/feteugtmelilla.es\/index.php?rest_route=%2Fwp%2Fv2%2Fcategories&post=2084"},{"taxonomy":"post_tag","embeddable":true,"href":"https:\/\/feteugtmelilla.es\/index.php?rest_route=%2Fwp%2Fv2%2Ftags&post=2084"}],"curies":[{"name":"wp","href":"https:\/\/api.w.org\/{rel}","templated":true}]}}