{"id":1934,"date":"2020-09-29T12:47:01","date_gmt":"2020-09-29T11:47:01","guid":{"rendered":"http:\/\/feteugtmelilla.es\/?p=1934"},"modified":"2020-09-29T12:49:23","modified_gmt":"2020-09-29T11:49:23","slug":"resolucion-definitiva-tercera-adjudicacion-de-vacantes","status":"publish","type":"post","link":"https:\/\/feteugtmelilla.es\/?p=1934","title":{"rendered":"RESOLUCI\u00d3N DEFINITIVA TERCERA ADJUDICACI\u00d3N DE VACANTES"},"content":{"rendered":"\n<p>Se ha publicado la Resoluci\u00f3n Definitiva de la tercera adjudicaci\u00f3n definitiva de vacantes a docentes interinos:<\/p>\n\n\n\n<p><a href=\"http:\/\/www.educacionyfp.gob.es\/dam\/jcr:6e732824-5129-423f-8cde-67de29ec2574\/resolucion-definit-tercera-adjudicacion.pdf\" target=\"_blank\" rel=\"noreferrer noopener\">Resoluci\u00f3n.<\/a><\/p>\n\n\n\n<p><a rel=\"noreferrer noopener\" href=\"http:\/\/www.educacionyfp.gob.es\/dam\/jcr:0f58488f-4ced-4861-9953-54f8df8a0907\/tercera-adjudicacion-definitival.pdf\" target=\"_blank\">Vacantes.<\/a><\/p>\n\n\n\n<p><a href=\"http:\/\/www.educacionyfp.gob.es\/dam\/jcr:9aa2cd0a-c35c-4727-813e-d2a47f933521\/documentacion.pdf\" target=\"_blank\" rel=\"noreferrer noopener\">Documentos a presentar.<\/a><\/p>\n\n\n\n<p><a rel=\"noreferrer noopener\" href=\"https:\/\/rec.redsara.es\/registro\/action\/are\/acceso.do\" target=\"_blank\">Red Sara.<\/a><\/p>\n\n\n\n<p><\/p>\n","protected":false},"excerpt":{"rendered":"<p>Se ha publicado la Resoluci\u00f3n Definitiva de la tercera adjudicaci\u00f3n definitiva de vacantes a docentes interinos: Resoluci\u00f3n. Vacantes. Documentos a presentar. Red Sara.<\/p>\n","protected":false},"author":3,"featured_media":1669,"comment_status":"open","ping_status":"open","sticky":false,"template":"","format":"standard","meta":{"_jetpack_memberships_contains_paid_content":false,"footnotes":""},"categories":[18],"tags":[],"class_list":["post-1934","post","type-post","status-publish","format-standard","has-post-thumbnail","hentry","category-ensenanza-publica"],"jetpack_featured_media_url":"https:\/\/feteugtmelilla.es\/wp-content\/uploads\/2020\/04\/UGT-INFORMA11-550.jpg","jetpack_sharing_enabled":true,"_links":{"self":[{"href":"https:\/\/feteugtmelilla.es\/index.php?rest_route=\/wp\/v2\/posts\/1934","targetHints":{"allow":["GET"]}}],"collection":[{"href":"https:\/\/feteugtmelilla.es\/index.php?rest_route=\/wp\/v2\/posts"}],"about":[{"href":"https:\/\/feteugtmelilla.es\/index.php?rest_route=\/wp\/v2\/types\/post"}],"author":[{"embeddable":true,"href":"https:\/\/feteugtmelilla.es\/index.php?rest_route=\/wp\/v2\/users\/3"}],"replies":[{"embeddable":true,"href":"https:\/\/feteugtmelilla.es\/index.php?rest_route=%2Fwp%2Fv2%2Fcomments&post=1934"}],"version-history":[{"count":2,"href":"https:\/\/feteugtmelilla.es\/index.php?rest_route=\/wp\/v2\/posts\/1934\/revisions"}],"predecessor-version":[{"id":1936,"href":"https:\/\/feteugtmelilla.es\/index.php?rest_route=\/wp\/v2\/posts\/1934\/revisions\/1936"}],"wp:featuredmedia":[{"embeddable":true,"href":"https:\/\/feteugtmelilla.es\/index.php?rest_route=\/wp\/v2\/media\/1669"}],"wp:attachment":[{"href":"https:\/\/feteugtmelilla.es\/index.php?rest_route=%2Fwp%2Fv2%2Fmedia&parent=1934"}],"wp:term":[{"taxonomy":"category","embeddable":true,"href":"https:\/\/feteugtmelilla.es\/index.php?rest_route=%2Fwp%2Fv2%2Fcategories&post=1934"},{"taxonomy":"post_tag","embeddable":true,"href":"https:\/\/feteugtmelilla.es\/index.php?rest_route=%2Fwp%2Fv2%2Ftags&post=1934"}],"curies":[{"name":"wp","href":"https:\/\/api.w.org\/{rel}","templated":true}]}}