{"id":1829,"date":"2020-09-15T10:23:05","date_gmt":"2020-09-15T09:23:05","guid":{"rendered":"http:\/\/feteugtmelilla.es\/?p=1829"},"modified":"2020-09-15T10:25:00","modified_gmt":"2020-09-15T09:25:00","slug":"novedades-convocatorias-extraordinarias-y-convocatoria-british","status":"publish","type":"post","link":"https:\/\/feteugtmelilla.es\/?p=1829","title":{"rendered":"NOVEDADES: CONVOCATORIAS EXTRAORDINARIAS y CONVOCATORIA BRITISH"},"content":{"rendered":"<p>Son diversas las novedades que se han producido en las \u00faltimas horas, y que os recogemos a continuaci\u00f3n:<\/p>\n<ul>\n<li>Publicadas <strong>convocatorias extraordinarias<\/strong> para cubrir puestos en r\u00e9gimen <strong>de interinidad<\/strong> en diversos cuerpos y especialidades en las CCAA de:<\/li>\n<\/ul>\n<p style=\"padding-left: 60px;\"><a href=\"https:\/\/www.larioja.org\/edu-recursos-humanos\/es\/llamamientos-sustituciones-142d12\/llamamientos-extraordinarios\">LA RIOJA<\/a>: Plazo hasta el <strong>martes a las 15:30 H<\/strong>.<\/p>\n<p style=\"padding-left: 60px;\"><a href=\"https:\/\/www.educantabria.es\/\">CANTABRIA<\/a>:\u00a0El acceso estar\u00e1 disponible desde las 9:00 horas del d\u00eda 17 de septiembre hasta las <strong>14:00 horas del d\u00eda 18 de septiembre<\/strong> de 2020.<\/p>\n<p style=\"padding-left: 60px;\"><a href=\"http:\/\/www.madrid.org\/cs\/Satellite?c=EDRH_Generico_FA&amp;cid=1354613111131&amp;pagename=PortalEducacionRRHH%2FEDRH_Generico_FA%2FEDRH_generico\">MADRID<\/a>: Plazo hasta el<strong> 29 de septiembre<\/strong> de 2020 .<\/p>\n<ul>\n<li><a href=\"http:\/\/www.educacionyfp.gob.es\/servicios-al-ciudadano\/catalogo\/general\/20\/203011\/ficha\/203011-2020-2021.html?fbclid=IwAR0-JqbL8C-0mtwm58XcqJEMigqpzmjF4wbhtyDQpAfDPpOPPwWfuku0IaI\">Convocatoria<\/a> asesores ling\u00fc\u00edsticos (maestros Primaria y Biolog\u00eda y Geolog\u00eda) para el programa BRITISH. Plazo hasta el 25 de septiembre.<\/li>\n<\/ul>\n<p>&nbsp;<\/p>\n","protected":false},"excerpt":{"rendered":"<p>Son diversas las novedades que se han producido en las \u00faltimas horas, y que os recogemos a continuaci\u00f3n: Publicadas convocatorias extraordinarias para cubrir puestos en r\u00e9gimen de interinidad en diversos cuerpos y especialidades en las CCAA de: LA RIOJA: Plazo hasta el martes a las 15:30 H. CANTABRIA:\u00a0El acceso estar\u00e1 disponible desde las 9:00 horas [&hellip;]<\/p>\n","protected":false},"author":3,"featured_media":0,"comment_status":"open","ping_status":"open","sticky":false,"template":"","format":"standard","meta":{"_jetpack_memberships_contains_paid_content":false,"footnotes":""},"categories":[18],"tags":[295],"class_list":["post-1829","post","type-post","status-publish","format-standard","hentry","category-ensenanza-publica","tag-convocatorias-extraordinarias-cantabria-madrid-la-rioja"],"jetpack_featured_media_url":"","jetpack_sharing_enabled":true,"_links":{"self":[{"href":"https:\/\/feteugtmelilla.es\/index.php?rest_route=\/wp\/v2\/posts\/1829","targetHints":{"allow":["GET"]}}],"collection":[{"href":"https:\/\/feteugtmelilla.es\/index.php?rest_route=\/wp\/v2\/posts"}],"about":[{"href":"https:\/\/feteugtmelilla.es\/index.php?rest_route=\/wp\/v2\/types\/post"}],"author":[{"embeddable":true,"href":"https:\/\/feteugtmelilla.es\/index.php?rest_route=\/wp\/v2\/users\/3"}],"replies":[{"embeddable":true,"href":"https:\/\/feteugtmelilla.es\/index.php?rest_route=%2Fwp%2Fv2%2Fcomments&post=1829"}],"version-history":[{"count":4,"href":"https:\/\/feteugtmelilla.es\/index.php?rest_route=\/wp\/v2\/posts\/1829\/revisions"}],"predecessor-version":[{"id":1834,"href":"https:\/\/feteugtmelilla.es\/index.php?rest_route=\/wp\/v2\/posts\/1829\/revisions\/1834"}],"wp:attachment":[{"href":"https:\/\/feteugtmelilla.es\/index.php?rest_route=%2Fwp%2Fv2%2Fmedia&parent=1829"}],"wp:term":[{"taxonomy":"category","embeddable":true,"href":"https:\/\/feteugtmelilla.es\/index.php?rest_route=%2Fwp%2Fv2%2Fcategories&post=1829"},{"taxonomy":"post_tag","embeddable":true,"href":"https:\/\/feteugtmelilla.es\/index.php?rest_route=%2Fwp%2Fv2%2Ftags&post=1829"}],"curies":[{"name":"wp","href":"https:\/\/api.w.org\/{rel}","templated":true}]}}