{"id":1574,"date":"2020-02-11T13:14:04","date_gmt":"2020-02-11T12:14:04","guid":{"rendered":"http:\/\/feteugtmelilla.es\/?p=1574"},"modified":"2020-02-11T13:14:04","modified_gmt":"2020-02-11T12:14:04","slug":"exterior-abiertas-bolsas-de-interinos-en-italia","status":"publish","type":"post","link":"https:\/\/feteugtmelilla.es\/?p=1574","title":{"rendered":"EXTERIOR: ABIERTAS BOLSAS DE INTERINOS EN ITALIA"},"content":{"rendered":"<p style=\"text-align: left;\">La <strong>Consejer\u00eda de Educaci\u00f3n en Italia<\/strong> ha hecho p\u00fablica <em>convocatoria para la formaci\u00f3n de listas de aspirantes a cubrir puestos docentes en r\u00e9gimen de interinidad<\/em> en el Liceo Espa\u00f1ol \u00abCervantes\u00bb de Roma y en las Secciones Internacionales Espa\u00f1olas de Ivrea, Palermo, Maglie, Roma, Tur\u00edn, Sassari y Cagliari para el <strong>curso 2020\/2021<\/strong>. <em>El plazo de presentaci\u00f3n de solicitudes ser\u00e1<\/em> <strong>hasta el 28 de febrero de 2020 a las 17:30<\/strong>. <em>Las especialidades convocadas son:<\/em><\/p>\n<p><strong>CUERPO DE MAESTROS<\/strong><br \/>\n&#8211; Educaci\u00f3n F\u00edsica<br \/>\n&#8211; Educaci\u00f3n Infantil<br \/>\n&#8211; Idioma Extranjero: ingl\u00e9s<br \/>\n&#8211; M\u00fasica<\/p>\n<p><strong>CUERPO PROFESORES DE EDUCACI\u00d3N SECUNDARIA<\/strong><br \/>\n&#8211; Filosof\u00eda<br \/>\n&#8211; Griego y Lat\u00edn<br \/>\n&#8211; Geograf\u00eda e Historia<br \/>\n&#8211; F\u00edsica y Qu\u00edmica<br \/>\n&#8211; Biolog\u00eda y Geolog\u00eda<br \/>\n&#8211; Dibujo<br \/>\n&#8211; Educaci\u00f3n F\u00edsica<br \/>\n&#8211; Orientaci\u00f3n Educativa<br \/>\n&#8211; Tecnolog\u00eda<br \/>\n&#8211; Econom\u00eda<\/p>\n<p><strong>Accede a toda la informaci\u00f3n <a href=\"http:\/\/www.educacionyfp.gob.es\/servicios-al-ciudadano\/catalogo\/general\/20\/200334\/italia\/200334-italia-2020-2021.html\" target=\"_blank\" rel=\"noopener\">aqu\u00ed<\/a>.\u00a0<\/strong><\/p>\n","protected":false},"excerpt":{"rendered":"<p>La Consejer\u00eda de Educaci\u00f3n en Italia ha hecho p\u00fablica convocatoria para la formaci\u00f3n de listas de aspirantes a cubrir puestos docentes en r\u00e9gimen de interinidad en el Liceo Espa\u00f1ol \u00abCervantes\u00bb de Roma y en las Secciones Internacionales Espa\u00f1olas de Ivrea, Palermo, Maglie, Roma, Tur\u00edn, Sassari y Cagliari para el curso 2020\/2021. El plazo de presentaci\u00f3n [&hellip;]<\/p>\n","protected":false},"author":3,"featured_media":1575,"comment_status":"open","ping_status":"open","sticky":false,"template":"","format":"standard","meta":{"_jetpack_memberships_contains_paid_content":false,"footnotes":""},"categories":[18],"tags":[88,93,226],"class_list":["post-1574","post","type-post","status-publish","format-standard","has-post-thumbnail","hentry","category-ensenanza-publica","tag-exterior","tag-interinos","tag-italia"],"jetpack_featured_media_url":"https:\/\/feteugtmelilla.es\/wp-content\/uploads\/2020\/02\/Bandera-Italia.jpg","jetpack_sharing_enabled":true,"_links":{"self":[{"href":"https:\/\/feteugtmelilla.es\/index.php?rest_route=\/wp\/v2\/posts\/1574","targetHints":{"allow":["GET"]}}],"collection":[{"href":"https:\/\/feteugtmelilla.es\/index.php?rest_route=\/wp\/v2\/posts"}],"about":[{"href":"https:\/\/feteugtmelilla.es\/index.php?rest_route=\/wp\/v2\/types\/post"}],"author":[{"embeddable":true,"href":"https:\/\/feteugtmelilla.es\/index.php?rest_route=\/wp\/v2\/users\/3"}],"replies":[{"embeddable":true,"href":"https:\/\/feteugtmelilla.es\/index.php?rest_route=%2Fwp%2Fv2%2Fcomments&post=1574"}],"version-history":[{"count":1,"href":"https:\/\/feteugtmelilla.es\/index.php?rest_route=\/wp\/v2\/posts\/1574\/revisions"}],"predecessor-version":[{"id":1576,"href":"https:\/\/feteugtmelilla.es\/index.php?rest_route=\/wp\/v2\/posts\/1574\/revisions\/1576"}],"wp:featuredmedia":[{"embeddable":true,"href":"https:\/\/feteugtmelilla.es\/index.php?rest_route=\/wp\/v2\/media\/1575"}],"wp:attachment":[{"href":"https:\/\/feteugtmelilla.es\/index.php?rest_route=%2Fwp%2Fv2%2Fmedia&parent=1574"}],"wp:term":[{"taxonomy":"category","embeddable":true,"href":"https:\/\/feteugtmelilla.es\/index.php?rest_route=%2Fwp%2Fv2%2Fcategories&post=1574"},{"taxonomy":"post_tag","embeddable":true,"href":"https:\/\/feteugtmelilla.es\/index.php?rest_route=%2Fwp%2Fv2%2Ftags&post=1574"}],"curies":[{"name":"wp","href":"https:\/\/api.w.org\/{rel}","templated":true}]}}