{"id":1513,"date":"2020-01-14T10:38:27","date_gmt":"2020-01-14T09:38:27","guid":{"rendered":"http:\/\/feteugtmelilla.es\/?p=1513"},"modified":"2020-01-14T10:38:27","modified_gmt":"2020-01-14T09:38:27","slug":"prueba-audicion-y-lenguaje-y-baremo-provisional-aleman","status":"publish","type":"post","link":"https:\/\/feteugtmelilla.es\/?p=1513","title":{"rendered":"PRUEBA AUDICI\u00d3N Y LENGUAJE Y BAREMO PROVISIONAL ALEM\u00c1N"},"content":{"rendered":"<p>CARACTER\u00cdSTICAS PRUEBA AUDICI\u00d3N Y LENGUAJE:<\/p>\n<ul>\n<li><a title=\"Enlace externo, se abre en ventana nueva.\" href=\"http:\/\/www.educacionyfp.gob.es\/dam\/jcr:b3308ca4-b7de-44eb-aa47-281357f70cd8\/tribunal-audicionylenguaje.pdf\" target=\"_blank\" rel=\"external noopener\">Audici\u00f3n y Lenguaje<\/a>.<\/li>\n<\/ul>\n<p>BAREMO PROVISIONAL ALEM\u00c1N:<\/p>\n<ul>\n<li><a title=\"Enlace externo, se abre en ventana nueva.\" href=\"http:\/\/www.educacionyfp.gob.es\/dam\/jcr:41b8a2fa-e19e-477f-bc72-8aad218e16a8\/resolucion-baremoprov-aleman.pdf\" target=\"_blank\" rel=\"external noopener\">Resoluci\u00f3n baremo provisional Alem\u00e1n<\/a>.<\/li>\n<li><a title=\"Enlace externo, se abre en ventana nueva.\" href=\"http:\/\/www.educacionyfp.gob.es\/dam\/jcr:d1a4075b-c6af-4f50-aaa4-0ac9ab8f7b88\/baremoprovisional-aleman.pdf\" target=\"_blank\" rel=\"external noopener\">Baremo provisional Alem\u00e1n.<\/a><\/li>\n<\/ul>\n","protected":false},"excerpt":{"rendered":"<p>CARACTER\u00cdSTICAS PRUEBA AUDICI\u00d3N Y LENGUAJE: Audici\u00f3n y Lenguaje. BAREMO PROVISIONAL ALEM\u00c1N: Resoluci\u00f3n baremo provisional Alem\u00e1n. Baremo provisional Alem\u00e1n.<\/p>\n","protected":false},"author":3,"featured_media":1490,"comment_status":"open","ping_status":"open","sticky":false,"template":"","format":"standard","meta":{"_jetpack_memberships_contains_paid_content":false,"footnotes":""},"categories":[18],"tags":[],"class_list":["post-1513","post","type-post","status-publish","format-standard","has-post-thumbnail","hentry","category-ensenanza-publica"],"jetpack_featured_media_url":"https:\/\/feteugtmelilla.es\/wp-content\/uploads\/2019\/12\/images-2A.jpg","jetpack_sharing_enabled":true,"_links":{"self":[{"href":"https:\/\/feteugtmelilla.es\/index.php?rest_route=\/wp\/v2\/posts\/1513","targetHints":{"allow":["GET"]}}],"collection":[{"href":"https:\/\/feteugtmelilla.es\/index.php?rest_route=\/wp\/v2\/posts"}],"about":[{"href":"https:\/\/feteugtmelilla.es\/index.php?rest_route=\/wp\/v2\/types\/post"}],"author":[{"embeddable":true,"href":"https:\/\/feteugtmelilla.es\/index.php?rest_route=\/wp\/v2\/users\/3"}],"replies":[{"embeddable":true,"href":"https:\/\/feteugtmelilla.es\/index.php?rest_route=%2Fwp%2Fv2%2Fcomments&post=1513"}],"version-history":[{"count":1,"href":"https:\/\/feteugtmelilla.es\/index.php?rest_route=\/wp\/v2\/posts\/1513\/revisions"}],"predecessor-version":[{"id":1514,"href":"https:\/\/feteugtmelilla.es\/index.php?rest_route=\/wp\/v2\/posts\/1513\/revisions\/1514"}],"wp:featuredmedia":[{"embeddable":true,"href":"https:\/\/feteugtmelilla.es\/index.php?rest_route=\/wp\/v2\/media\/1490"}],"wp:attachment":[{"href":"https:\/\/feteugtmelilla.es\/index.php?rest_route=%2Fwp%2Fv2%2Fmedia&parent=1513"}],"wp:term":[{"taxonomy":"category","embeddable":true,"href":"https:\/\/feteugtmelilla.es\/index.php?rest_route=%2Fwp%2Fv2%2Fcategories&post=1513"},{"taxonomy":"post_tag","embeddable":true,"href":"https:\/\/feteugtmelilla.es\/index.php?rest_route=%2Fwp%2Fv2%2Ftags&post=1513"}],"curies":[{"name":"wp","href":"https:\/\/api.w.org\/{rel}","templated":true}]}}