{"id":1497,"date":"2020-01-03T14:23:08","date_gmt":"2020-01-03T13:23:08","guid":{"rendered":"http:\/\/feteugtmelilla.es\/?p=1497"},"modified":"2020-01-03T14:25:24","modified_gmt":"2020-01-03T13:25:24","slug":"listado-definitivo-de-admitidos-y-excluidos","status":"publish","type":"post","link":"https:\/\/feteugtmelilla.es\/?p=1497","title":{"rendered":"LISTADO DEFINITIVO DE ADMITIDOS Y EXCLUIDOS"},"content":{"rendered":"<div class=\"seccion\">\n<div class=\"subseccion\">\n<h5 id=\"dpss00\" style=\"text-align: left;\">III CONVOCATORIA EXTRAORDINARIA: Publicado el listado definitivo de admitidos y excluidos:<\/h5>\n<div class=\"cte\">\n<ul>\n<li><a title=\"Enlace externo, se abre en ventana nueva.\" href=\"http:\/\/www.educacionyfp.gob.es\/dam\/jcr:7b787735-adf4-4b18-a5e0-fdbb4c51add8\/resolucion-listas-definitivas.pdf\" target=\"_blank\" rel=\"external noopener\">Resoluci\u00f3n.<\/a><\/li>\n<li><a title=\"Enlace externo, se abre en ventana nueva.\" href=\"http:\/\/www.educacionyfp.gob.es\/dam\/jcr:b9f2dcf3-db07-48cd-b477-b4c91442de3d\/listadodefinitivo-admitidos.pdf\" target=\"_blank\" rel=\"external noopener\">Listado definitivo admitidos.<\/a><\/li>\n<li><a title=\"Enlace externo, se abre en ventana nueva.\" href=\"http:\/\/www.educacionyfp.gob.es\/dam\/jcr:b5a158d0-5864-4064-8546-096745959eeb\/listadodefinitivo-excluidos.pdf\" target=\"_blank\" rel=\"external noopener\">Listado definitivo.<\/a><\/li>\n<li><a title=\"Enlace externo, se abre en ventana nueva.\" href=\"http:\/\/www.educacionyfp.gob.es\/dam\/jcr:5b028a81-8743-4506-9627-395d373a032e\/causas-exclusion.pdf\" target=\"_blank\" rel=\"external noopener\">Causas de exclusi\u00f3n.<\/a><\/li>\n<\/ul>\n<\/div>\n<\/div>\n<div class=\"subseccion\">\n<h5 id=\"dpss01\">Tribunal y caracter\u00edsticas de las pruebas de:<\/h5>\n<div class=\"cte\">\n<ul>\n<li><a href=\"http:\/\/www.educacionyfp.gob.es\/dam\/jcr:ac48e7c3-1761-4f23-9d13-4758443509cc\/tribunal-aleman.pdf\">Alem\u00e1n<\/a>.<\/li>\n<\/ul>\n<\/div>\n<\/div>\n<\/div>\n","protected":false},"excerpt":{"rendered":"<p>III CONVOCATORIA EXTRAORDINARIA: Publicado el listado definitivo de admitidos y excluidos: Resoluci\u00f3n. Listado definitivo admitidos. Listado definitivo. Causas de exclusi\u00f3n. Tribunal y caracter\u00edsticas de las pruebas de: Alem\u00e1n.<\/p>\n","protected":false},"author":3,"featured_media":1490,"comment_status":"open","ping_status":"open","sticky":false,"template":"","format":"standard","meta":{"_jetpack_memberships_contains_paid_content":false,"footnotes":""},"categories":[18],"tags":[],"class_list":["post-1497","post","type-post","status-publish","format-standard","has-post-thumbnail","hentry","category-ensenanza-publica"],"jetpack_featured_media_url":"https:\/\/feteugtmelilla.es\/wp-content\/uploads\/2019\/12\/images-2A.jpg","jetpack_sharing_enabled":true,"_links":{"self":[{"href":"https:\/\/feteugtmelilla.es\/index.php?rest_route=\/wp\/v2\/posts\/1497","targetHints":{"allow":["GET"]}}],"collection":[{"href":"https:\/\/feteugtmelilla.es\/index.php?rest_route=\/wp\/v2\/posts"}],"about":[{"href":"https:\/\/feteugtmelilla.es\/index.php?rest_route=\/wp\/v2\/types\/post"}],"author":[{"embeddable":true,"href":"https:\/\/feteugtmelilla.es\/index.php?rest_route=\/wp\/v2\/users\/3"}],"replies":[{"embeddable":true,"href":"https:\/\/feteugtmelilla.es\/index.php?rest_route=%2Fwp%2Fv2%2Fcomments&post=1497"}],"version-history":[{"count":2,"href":"https:\/\/feteugtmelilla.es\/index.php?rest_route=\/wp\/v2\/posts\/1497\/revisions"}],"predecessor-version":[{"id":1500,"href":"https:\/\/feteugtmelilla.es\/index.php?rest_route=\/wp\/v2\/posts\/1497\/revisions\/1500"}],"wp:featuredmedia":[{"embeddable":true,"href":"https:\/\/feteugtmelilla.es\/index.php?rest_route=\/wp\/v2\/media\/1490"}],"wp:attachment":[{"href":"https:\/\/feteugtmelilla.es\/index.php?rest_route=%2Fwp%2Fv2%2Fmedia&parent=1497"}],"wp:term":[{"taxonomy":"category","embeddable":true,"href":"https:\/\/feteugtmelilla.es\/index.php?rest_route=%2Fwp%2Fv2%2Fcategories&post=1497"},{"taxonomy":"post_tag","embeddable":true,"href":"https:\/\/feteugtmelilla.es\/index.php?rest_route=%2Fwp%2Fv2%2Ftags&post=1497"}],"curies":[{"name":"wp","href":"https:\/\/api.w.org\/{rel}","templated":true}]}}