{"id":1430,"date":"2019-11-05T18:50:29","date_gmt":"2019-11-05T17:50:29","guid":{"rendered":"http:\/\/feteugtmelilla.es\/?p=1430"},"modified":"2019-11-05T18:50:29","modified_gmt":"2019-11-05T17:50:29","slug":"listados-admitidos-ii-convocatoria-extraordinaria","status":"publish","type":"post","link":"https:\/\/feteugtmelilla.es\/?p=1430","title":{"rendered":"LISTADOS ADMITIDOS II CONVOCATORIA EXTRAORDINARIA"},"content":{"rendered":"<div class=\"seccion\">\n<div class=\"subseccion\">Se ha hecho p\u00fablica la relaci\u00f3n provisonal de admitidos y excluidos de la II Convocatoria Extraordinaria.<\/div>\n<div><\/div>\n<div class=\"subseccion\">\n<div class=\"cte\">\n<ul>\n<li><a title=\"Enlace externo, se abre en ventana nueva.\" href=\"http:\/\/www.educacionyfp.gob.es\/dam\/jcr:58ad1d36-1e69-4a57-b4ea-9dcbe0c2bfec\/resolucion-provisional-admitidos.pdf\" target=\"_blank\" rel=\"external noopener\">Resoluci\u00f3n.<\/a><\/li>\n<li><a title=\"Enlace externo, se abre en ventana nueva.\" href=\"http:\/\/www.educacionyfp.gob.es\/dam\/jcr:0efae23a-f9b2-4c83-a0db-b39774393120\/admitidos-provisionales.pdf\" target=\"_blank\" rel=\"external noopener\">Listado Provisional de Admitidos.<\/a><\/li>\n<li><a title=\"Enlace externo, se abre en ventana nueva.\" href=\"http:\/\/www.educacionyfp.gob.es\/dam\/jcr:96161f81-4e03-43ec-89f6-1fa46a634954\/excluidos-provisionales.pdf\" target=\"_blank\" rel=\"external noopener\">Listado Provisional de Excluidos.<\/a><\/li>\n<li><a title=\"Enlace externo, se abre en ventana nueva.\" href=\"http:\/\/www.educacionyfp.gob.es\/dam\/jcr:5b028a81-8743-4506-9627-395d373a032e\/causas-exclusion.pdf\" target=\"_blank\" rel=\"external noopener\">Causas de Exclusi\u00f3n.<\/a><\/li>\n<\/ul>\n<p style=\"text-align: left;\">El plazo de reclamaci\u00f3n finaliza el pr\u00f3ximo viernes d\u00eda 8.<\/p>\n<\/div>\n<\/div>\n<\/div>\n<p>&nbsp;<\/p>\n","protected":false},"excerpt":{"rendered":"<p>Se ha hecho p\u00fablica la relaci\u00f3n provisonal de admitidos y excluidos de la II Convocatoria Extraordinaria. Resoluci\u00f3n. Listado Provisional de Admitidos. Listado Provisional de Excluidos. Causas de Exclusi\u00f3n. El plazo de reclamaci\u00f3n finaliza el pr\u00f3ximo viernes d\u00eda 8. &nbsp;<\/p>\n","protected":false},"author":3,"featured_media":0,"comment_status":"open","ping_status":"open","sticky":false,"template":"","format":"standard","meta":{"_jetpack_memberships_contains_paid_content":false,"footnotes":""},"categories":[18],"tags":[],"class_list":["post-1430","post","type-post","status-publish","format-standard","hentry","category-ensenanza-publica"],"jetpack_featured_media_url":"","jetpack_sharing_enabled":true,"_links":{"self":[{"href":"https:\/\/feteugtmelilla.es\/index.php?rest_route=\/wp\/v2\/posts\/1430","targetHints":{"allow":["GET"]}}],"collection":[{"href":"https:\/\/feteugtmelilla.es\/index.php?rest_route=\/wp\/v2\/posts"}],"about":[{"href":"https:\/\/feteugtmelilla.es\/index.php?rest_route=\/wp\/v2\/types\/post"}],"author":[{"embeddable":true,"href":"https:\/\/feteugtmelilla.es\/index.php?rest_route=\/wp\/v2\/users\/3"}],"replies":[{"embeddable":true,"href":"https:\/\/feteugtmelilla.es\/index.php?rest_route=%2Fwp%2Fv2%2Fcomments&post=1430"}],"version-history":[{"count":1,"href":"https:\/\/feteugtmelilla.es\/index.php?rest_route=\/wp\/v2\/posts\/1430\/revisions"}],"predecessor-version":[{"id":1432,"href":"https:\/\/feteugtmelilla.es\/index.php?rest_route=\/wp\/v2\/posts\/1430\/revisions\/1432"}],"wp:attachment":[{"href":"https:\/\/feteugtmelilla.es\/index.php?rest_route=%2Fwp%2Fv2%2Fmedia&parent=1430"}],"wp:term":[{"taxonomy":"category","embeddable":true,"href":"https:\/\/feteugtmelilla.es\/index.php?rest_route=%2Fwp%2Fv2%2Fcategories&post=1430"},{"taxonomy":"post_tag","embeddable":true,"href":"https:\/\/feteugtmelilla.es\/index.php?rest_route=%2Fwp%2Fv2%2Ftags&post=1430"}],"curies":[{"name":"wp","href":"https:\/\/api.w.org\/{rel}","templated":true}]}}