{"id":1396,"date":"2019-10-21T08:25:52","date_gmt":"2019-10-21T07:25:52","guid":{"rendered":"http:\/\/feteugtmelilla.es\/?p=1396"},"modified":"2019-10-21T08:25:52","modified_gmt":"2019-10-21T07:25:52","slug":"melilla-ii-convocatoria-extraordinaria-2019-2020","status":"publish","type":"post","link":"https:\/\/feteugtmelilla.es\/?p=1396","title":{"rendered":"MELILLA: II CONVOCATORIA EXTRAORDINARIA 2019\/2020"},"content":{"rendered":"<p>Se ha hecho p\u00fablica la <strong>II Convocatoria Extraordinaria para Melilla en el curso 2019\/2020 (<a href=\"http:\/\/www.educacionyfp.gob.es\/dam\/jcr:8afb2afe-ad2a-409d-9265-08be6d718a5b\/resolucion-iiconvocatoriaextraordinaria.pdf\" target=\"_blank\" rel=\"noopener\">Resoluci\u00f3n<\/a>)<\/strong>. Las <strong>especialidades<\/strong> convocadas son:<\/p>\n<p><em>Cuerpo de Profesores de Ense\u00f1anza Secundaria.<\/em><\/p>\n<ul>\n<li>F\u00edsica y Qu\u00edmica.<\/li>\n<li>Tecnolog\u00eda.<\/li>\n<li>Organizaci\u00f3n y Gesti\u00f3n Comercial.<\/li>\n<li>Matem\u00e1ticas.<\/li>\n<li>Ingl\u00e9s.<\/li>\n<li>Lengua Castellana y Literatura.<\/li>\n<\/ul>\n<p><em>Cuerpo de Profesores T\u00e9cnicos de Formaci\u00f3n Profesional.<\/em><\/p>\n<ul>\n<li>Sistemas y Aplicaciones Inform\u00e1ticas.<\/li>\n<li>Procedimientos Sanitarios y Asistenciales.<\/li>\n<li>Mantenimiento de Veh\u00edculos.<\/li>\n<\/ul>\n<p><em>Cuerpo de Profesores de Escuelas Oficiales de Idiomas.<\/em><\/p>\n<ul>\n<li>Ingl\u00e9s.<\/li>\n<li>Alem\u00e1n.<\/li>\n<li>\u00c1rabe.<\/li>\n<\/ul>\n<p><em>Cuerpo de Profesores de M\u00fasica y Artes Esc\u00e9nicas.<\/em><\/p>\n<ul>\n<li>Tromb\u00f3n.<\/li>\n<\/ul>\n<p>Las solicitudes se tramitar\u00e1n en la sede electr\u00f3nica del MEFP (<a href=\"https:\/\/sede.educacion.gob.es\/sede\/login\/inicio.jjsp?idConvocatoria=1322\" target=\"_blank\" rel=\"noopener\">enlace<\/a>).\u00a0<strong>El plazo de solicitudes es del 21 de octubre al 4 de noviembre.<\/strong><\/p>\n<p>&nbsp;<\/p>\n<p>&nbsp;<\/p>\n","protected":false},"excerpt":{"rendered":"<p>Se ha hecho p\u00fablica la II Convocatoria Extraordinaria para Melilla en el curso 2019\/2020 (Resoluci\u00f3n). Las especialidades convocadas son: Cuerpo de Profesores de Ense\u00f1anza Secundaria. F\u00edsica y Qu\u00edmica. Tecnolog\u00eda. Organizaci\u00f3n y Gesti\u00f3n Comercial. Matem\u00e1ticas. Ingl\u00e9s. Lengua Castellana y Literatura. Cuerpo de Profesores T\u00e9cnicos de Formaci\u00f3n Profesional. Sistemas y Aplicaciones Inform\u00e1ticas. Procedimientos Sanitarios y Asistenciales. Mantenimiento [&hellip;]<\/p>\n","protected":false},"author":3,"featured_media":0,"comment_status":"open","ping_status":"open","sticky":false,"template":"","format":"standard","meta":{"_jetpack_memberships_contains_paid_content":false,"footnotes":""},"categories":[18],"tags":[],"class_list":["post-1396","post","type-post","status-publish","format-standard","hentry","category-ensenanza-publica"],"jetpack_featured_media_url":"","jetpack_sharing_enabled":true,"_links":{"self":[{"href":"https:\/\/feteugtmelilla.es\/index.php?rest_route=\/wp\/v2\/posts\/1396","targetHints":{"allow":["GET"]}}],"collection":[{"href":"https:\/\/feteugtmelilla.es\/index.php?rest_route=\/wp\/v2\/posts"}],"about":[{"href":"https:\/\/feteugtmelilla.es\/index.php?rest_route=\/wp\/v2\/types\/post"}],"author":[{"embeddable":true,"href":"https:\/\/feteugtmelilla.es\/index.php?rest_route=\/wp\/v2\/users\/3"}],"replies":[{"embeddable":true,"href":"https:\/\/feteugtmelilla.es\/index.php?rest_route=%2Fwp%2Fv2%2Fcomments&post=1396"}],"version-history":[{"count":1,"href":"https:\/\/feteugtmelilla.es\/index.php?rest_route=\/wp\/v2\/posts\/1396\/revisions"}],"predecessor-version":[{"id":1398,"href":"https:\/\/feteugtmelilla.es\/index.php?rest_route=\/wp\/v2\/posts\/1396\/revisions\/1398"}],"wp:attachment":[{"href":"https:\/\/feteugtmelilla.es\/index.php?rest_route=%2Fwp%2Fv2%2Fmedia&parent=1396"}],"wp:term":[{"taxonomy":"category","embeddable":true,"href":"https:\/\/feteugtmelilla.es\/index.php?rest_route=%2Fwp%2Fv2%2Fcategories&post=1396"},{"taxonomy":"post_tag","embeddable":true,"href":"https:\/\/feteugtmelilla.es\/index.php?rest_route=%2Fwp%2Fv2%2Ftags&post=1396"}],"curies":[{"name":"wp","href":"https:\/\/api.w.org\/{rel}","templated":true}]}}