{"id":1393,"date":"2019-10-18T13:39:30","date_gmt":"2019-10-18T12:39:30","guid":{"rendered":"http:\/\/feteugtmelilla.es\/?p=1393"},"modified":"2019-10-18T13:39:30","modified_gmt":"2019-10-18T12:39:30","slug":"nota-de-urgencia-conclusiones-de-la-abogada-general-ag-del-tribunal-de-justicia-de-la-union-europea-tjue-sobre-abuso-de-temporalidad-del-personal-interino-en-la-funcion-publica-espanola","status":"publish","type":"post","link":"https:\/\/feteugtmelilla.es\/?p=1393","title":{"rendered":"NOTA DE URGENCIA: CONCLUSIONES DE LA ABOGADA GENERAL (AG) DEL TRIBUNAL DE JUSTICIA DE LA UNI\u00d3N EUROPEA (TJUE) SOBRE ABUSO DE TEMPORALIDAD DEL PERSONAL INTERINO EN LA FUNCI\u00d3N P\u00daBLICA ESPA\u00d1OLA"},"content":{"rendered":"<p>Nuestros Servicios Jur\u00eddicos han elaborado un <strong>informe detallado de la conclusiones a las que lleg\u00f3 la Abogada General del Tribunal de Justicia de la Uni\u00f3n Europea<\/strong>. En \u00e9l intentamos aclarar sus posibles <strong>consecuencias en lo que al personal interino<\/strong> en el \u00e1mbito de la Ense\u00f1anza se refiere, as\u00ed como resolver las numerosas dudas que se os puedan plantear. Recuerda que desde la UGT estamos a vuestra disposici\u00f3n para cualquier consulta que dese\u00e9is plantear. Accede al informe <a href=\"http:\/\/feteugtmelilla.es\/wp-content\/uploads\/2019\/10\/NOTA-DE-URGENCIA.-interinosAbogada-General-1.pdf\" target=\"_blank\" rel=\"noopener\">aqu\u00ed.<\/a><\/p>\n","protected":false},"excerpt":{"rendered":"<p>Nuestros Servicios Jur\u00eddicos han elaborado un informe detallado de la conclusiones a las que lleg\u00f3 la Abogada General del Tribunal de Justicia de la Uni\u00f3n Europea. En \u00e9l intentamos aclarar sus posibles consecuencias en lo que al personal interino en el \u00e1mbito de la Ense\u00f1anza se refiere, as\u00ed como resolver las numerosas dudas que se [&hellip;]<\/p>\n","protected":false},"author":3,"featured_media":1394,"comment_status":"open","ping_status":"open","sticky":false,"template":"","format":"standard","meta":{"_jetpack_memberships_contains_paid_content":false,"footnotes":""},"categories":[18,17],"tags":[],"class_list":["post-1393","post","type-post","status-publish","format-standard","has-post-thumbnail","hentry","category-ensenanza-publica","category-noticias"],"jetpack_featured_media_url":"https:\/\/feteugtmelilla.es\/wp-content\/uploads\/2019\/10\/descarga-5.jpg","jetpack_sharing_enabled":true,"_links":{"self":[{"href":"https:\/\/feteugtmelilla.es\/index.php?rest_route=\/wp\/v2\/posts\/1393","targetHints":{"allow":["GET"]}}],"collection":[{"href":"https:\/\/feteugtmelilla.es\/index.php?rest_route=\/wp\/v2\/posts"}],"about":[{"href":"https:\/\/feteugtmelilla.es\/index.php?rest_route=\/wp\/v2\/types\/post"}],"author":[{"embeddable":true,"href":"https:\/\/feteugtmelilla.es\/index.php?rest_route=\/wp\/v2\/users\/3"}],"replies":[{"embeddable":true,"href":"https:\/\/feteugtmelilla.es\/index.php?rest_route=%2Fwp%2Fv2%2Fcomments&post=1393"}],"version-history":[{"count":1,"href":"https:\/\/feteugtmelilla.es\/index.php?rest_route=\/wp\/v2\/posts\/1393\/revisions"}],"predecessor-version":[{"id":1395,"href":"https:\/\/feteugtmelilla.es\/index.php?rest_route=\/wp\/v2\/posts\/1393\/revisions\/1395"}],"wp:featuredmedia":[{"embeddable":true,"href":"https:\/\/feteugtmelilla.es\/index.php?rest_route=\/wp\/v2\/media\/1394"}],"wp:attachment":[{"href":"https:\/\/feteugtmelilla.es\/index.php?rest_route=%2Fwp%2Fv2%2Fmedia&parent=1393"}],"wp:term":[{"taxonomy":"category","embeddable":true,"href":"https:\/\/feteugtmelilla.es\/index.php?rest_route=%2Fwp%2Fv2%2Fcategories&post=1393"},{"taxonomy":"post_tag","embeddable":true,"href":"https:\/\/feteugtmelilla.es\/index.php?rest_route=%2Fwp%2Fv2%2Ftags&post=1393"}],"curies":[{"name":"wp","href":"https:\/\/api.w.org\/{rel}","templated":true}]}}