{"id":1300,"date":"2019-09-06T11:20:45","date_gmt":"2019-09-06T10:20:45","guid":{"rendered":"http:\/\/feteugtmelilla.es\/?p=1300"},"modified":"2019-09-06T11:20:45","modified_gmt":"2019-09-06T10:20:45","slug":"segunda-adjudicacion-definitiva-vacantes-a-funcionarios-interinos-curso-19-20","status":"publish","type":"post","link":"https:\/\/feteugtmelilla.es\/?p=1300","title":{"rendered":"SEGUNDA ADJUDICACI\u00d3N DEFINITIVA VACANTES A FUNCIONARIOS INTERINOS CURSO 19\/20"},"content":{"rendered":"<p>Se ha hecho p\u00fablica la <strong>segunda adjudicaci\u00f3n\u00a0definitiva\u00a0 de vacantes docentes a funcionarios interinos para el pr\u00f3ximo curso 2019-2020<\/strong>.<em>\u00a0Accede a todos los documentos en:<\/em><\/p>\n<ul>\n<li><a href=\"http:\/\/www.educacionyfp.gob.es\/dam\/jcr:989ac3c4-a7cc-4f32-9611-72950582976a\/resolucion-segundaadjudicacion-definitiva.pdf\">Resoluci\u00f3n Definitiva.<\/a><\/li>\n<li><a href=\"http:\/\/www.educacionyfp.gob.es\/dam\/jcr:1de10616-62b4-492a-a936-5d93e03b4e98\/segunda-adjudicacion-definitiva.pdf\">Segunda Adjudicaci\u00f3n Definitiva.<\/a><\/li>\n<li><a href=\"http:\/\/www.educacionyfp.gob.es\/dam\/jcr:3d904975-d91a-4caf-beb2-34f68e8c9545\/documentos-tomadeposesion.pdf\">Documentaci\u00f3n a presentar en la toma de posesi\u00f3n.<\/a><\/li>\n<\/ul>\n","protected":false},"excerpt":{"rendered":"<p>Se ha hecho p\u00fablica la segunda adjudicaci\u00f3n\u00a0definitiva\u00a0 de vacantes docentes a funcionarios interinos para el pr\u00f3ximo curso 2019-2020.\u00a0Accede a todos los documentos en: Resoluci\u00f3n Definitiva. Segunda Adjudicaci\u00f3n Definitiva. Documentaci\u00f3n a presentar en la toma de posesi\u00f3n.<\/p>\n","protected":false},"author":3,"featured_media":0,"comment_status":"open","ping_status":"open","sticky":false,"template":"","format":"standard","meta":{"_jetpack_memberships_contains_paid_content":false,"footnotes":""},"categories":[18,1],"tags":[],"class_list":["post-1300","post","type-post","status-publish","format-standard","hentry","category-ensenanza-publica","category-sin-categoria"],"jetpack_featured_media_url":"","jetpack_sharing_enabled":true,"_links":{"self":[{"href":"https:\/\/feteugtmelilla.es\/index.php?rest_route=\/wp\/v2\/posts\/1300","targetHints":{"allow":["GET"]}}],"collection":[{"href":"https:\/\/feteugtmelilla.es\/index.php?rest_route=\/wp\/v2\/posts"}],"about":[{"href":"https:\/\/feteugtmelilla.es\/index.php?rest_route=\/wp\/v2\/types\/post"}],"author":[{"embeddable":true,"href":"https:\/\/feteugtmelilla.es\/index.php?rest_route=\/wp\/v2\/users\/3"}],"replies":[{"embeddable":true,"href":"https:\/\/feteugtmelilla.es\/index.php?rest_route=%2Fwp%2Fv2%2Fcomments&post=1300"}],"version-history":[{"count":2,"href":"https:\/\/feteugtmelilla.es\/index.php?rest_route=\/wp\/v2\/posts\/1300\/revisions"}],"predecessor-version":[{"id":1306,"href":"https:\/\/feteugtmelilla.es\/index.php?rest_route=\/wp\/v2\/posts\/1300\/revisions\/1306"}],"wp:attachment":[{"href":"https:\/\/feteugtmelilla.es\/index.php?rest_route=%2Fwp%2Fv2%2Fmedia&parent=1300"}],"wp:term":[{"taxonomy":"category","embeddable":true,"href":"https:\/\/feteugtmelilla.es\/index.php?rest_route=%2Fwp%2Fv2%2Fcategories&post=1300"},{"taxonomy":"post_tag","embeddable":true,"href":"https:\/\/feteugtmelilla.es\/index.php?rest_route=%2Fwp%2Fv2%2Ftags&post=1300"}],"curies":[{"name":"wp","href":"https:\/\/api.w.org\/{rel}","templated":true}]}}