{"id":1295,"date":"2019-09-04T13:56:25","date_gmt":"2019-09-04T12:56:25","guid":{"rendered":"http:\/\/feteugtmelilla.es\/?p=1295"},"modified":"2019-09-04T14:05:55","modified_gmt":"2019-09-04T13:05:55","slug":"segunda-adjudicacion-provisional-de-vacantes-a-funcionarios-interinos","status":"publish","type":"post","link":"https:\/\/feteugtmelilla.es\/?p=1295","title":{"rendered":"SEGUNDA ADJUDICACI\u00d3N PROVISIONAL DE VACANTES A FUNCIONARIOS INTERINOS"},"content":{"rendered":"<p style=\"padding-left: 30px;\">Hoy se ha hecho p\u00fablica la <strong>segunda\u00a0 adjudicaci\u00f3n provisional de<\/strong> vacantes docentes a funcionarios interinos para el pr\u00f3ximo curso 2019-2020. <em>El plazo de reclamaci\u00f3n ser\u00e1 hasta el d\u00eda 6.\u00a0<\/em><\/p>\n<div class=\"cte\">\n<ul>\n<li><a href=\"http:\/\/www.educacionyfp.gob.es\/dam\/jcr:733012e0-080c-4ee1-8d60-5f9fafcc8980\/resolucion-segundaadjudicacion-provisional.pdf\">Resoluci\u00f3n Provisional.<\/a><\/li>\n<li><a href=\"http:\/\/www.educacionyfp.gob.es\/dam\/jcr:ac781100-75ba-4a5d-832c-303a14943a6c\/segunda-adjudicacion-provisional.pdf\">Segunda Adjudicaci\u00f3n Provisional.<\/a><\/li>\n<li><a href=\"http:\/\/www.educacionyfp.gob.es\/dam\/jcr:3d904975-d91a-4caf-beb2-34f68e8c9545\/documentos-tomadeposesion.pdf\">Documentaci\u00f3n a presentar en la toma de posesi\u00f3n.<\/a><\/li>\n<\/ul>\n<p>&nbsp;<\/p>\n<\/div>\n","protected":false},"excerpt":{"rendered":"<p>Hoy se ha hecho p\u00fablica la segunda\u00a0 adjudicaci\u00f3n provisional de vacantes docentes a funcionarios interinos para el pr\u00f3ximo curso 2019-2020. El plazo de reclamaci\u00f3n ser\u00e1 hasta el d\u00eda 6.\u00a0 Resoluci\u00f3n Provisional. Segunda Adjudicaci\u00f3n Provisional. Documentaci\u00f3n a presentar en la toma de posesi\u00f3n. &nbsp;<\/p>\n","protected":false},"author":3,"featured_media":0,"comment_status":"open","ping_status":"open","sticky":false,"template":"","format":"standard","meta":{"_jetpack_memberships_contains_paid_content":false,"footnotes":""},"categories":[18,17],"tags":[],"class_list":["post-1295","post","type-post","status-publish","format-standard","hentry","category-ensenanza-publica","category-noticias"],"jetpack_featured_media_url":"","jetpack_sharing_enabled":true,"_links":{"self":[{"href":"https:\/\/feteugtmelilla.es\/index.php?rest_route=\/wp\/v2\/posts\/1295","targetHints":{"allow":["GET"]}}],"collection":[{"href":"https:\/\/feteugtmelilla.es\/index.php?rest_route=\/wp\/v2\/posts"}],"about":[{"href":"https:\/\/feteugtmelilla.es\/index.php?rest_route=\/wp\/v2\/types\/post"}],"author":[{"embeddable":true,"href":"https:\/\/feteugtmelilla.es\/index.php?rest_route=\/wp\/v2\/users\/3"}],"replies":[{"embeddable":true,"href":"https:\/\/feteugtmelilla.es\/index.php?rest_route=%2Fwp%2Fv2%2Fcomments&post=1295"}],"version-history":[{"count":3,"href":"https:\/\/feteugtmelilla.es\/index.php?rest_route=\/wp\/v2\/posts\/1295\/revisions"}],"predecessor-version":[{"id":1299,"href":"https:\/\/feteugtmelilla.es\/index.php?rest_route=\/wp\/v2\/posts\/1295\/revisions\/1299"}],"wp:attachment":[{"href":"https:\/\/feteugtmelilla.es\/index.php?rest_route=%2Fwp%2Fv2%2Fmedia&parent=1295"}],"wp:term":[{"taxonomy":"category","embeddable":true,"href":"https:\/\/feteugtmelilla.es\/index.php?rest_route=%2Fwp%2Fv2%2Fcategories&post=1295"},{"taxonomy":"post_tag","embeddable":true,"href":"https:\/\/feteugtmelilla.es\/index.php?rest_route=%2Fwp%2Fv2%2Ftags&post=1295"}],"curies":[{"name":"wp","href":"https:\/\/api.w.org\/{rel}","templated":true}]}}