{"id":1269,"date":"2019-08-27T10:27:41","date_gmt":"2019-08-27T09:27:41","guid":{"rendered":"http:\/\/feteugtmelilla.es\/?p=1269"},"modified":"2019-08-27T10:27:41","modified_gmt":"2019-08-27T09:27:41","slug":"calendario-escolar-2019-2020","status":"publish","type":"post","link":"https:\/\/feteugtmelilla.es\/?p=1269","title":{"rendered":"CALENDARIO ESCOLAR 2019\/2020"},"content":{"rendered":"<p>Ya tenemos en nuestra sede los nuevos <strong>calendarios escolares del curso 2019\/2020<\/strong>.\u00a0Adem\u00e1s de los formatos habituales, este curso incluimos un nuevo formato de mesa. La semana que viene iniciaremos una ronda de visitas por los distintos centros educativos para hac\u00e9roslos llegar a tantos comos nos sea posible. Adem\u00e1s, como cada a\u00f1o, y si eres afiliado, puedes recogerlos en nuestra sede si lo prefieres. O puedes contactar con nosotros, por los medios habituales, para que te los entreguemos en tu centro. \u00a1NO TE QUEDES SIN EL TUYO!<\/p>\n<p>Tambi\u00e9n puedes descargarlo y disponer del calendario en tus dispositivos <a href=\"http:\/\/feteugtmelilla.es\/wp-content\/uploads\/2019\/08\/S22C-6e19081409392-1-page-001.jpg\">aqu\u00ed<\/a>.<\/p>\n<p>&nbsp;<\/p>\n<p>&nbsp;<\/p>\n<p>&nbsp;<\/p>\n","protected":false},"excerpt":{"rendered":"<p>Ya tenemos en nuestra sede los nuevos calendarios escolares del curso 2019\/2020.\u00a0Adem\u00e1s de los formatos habituales, este curso incluimos un nuevo formato de mesa. La semana que viene iniciaremos una ronda de visitas por los distintos centros educativos para hac\u00e9roslos llegar a tantos comos nos sea posible. Adem\u00e1s, como cada a\u00f1o, y si eres afiliado, [&hellip;]<\/p>\n","protected":false},"author":3,"featured_media":0,"comment_status":"open","ping_status":"open","sticky":false,"template":"","format":"standard","meta":{"_jetpack_memberships_contains_paid_content":false,"footnotes":""},"categories":[7,18,17],"tags":[],"class_list":["post-1269","post","type-post","status-publish","format-standard","hentry","category-ensenanza-privada","category-ensenanza-publica","category-noticias"],"jetpack_featured_media_url":"","jetpack_sharing_enabled":true,"_links":{"self":[{"href":"https:\/\/feteugtmelilla.es\/index.php?rest_route=\/wp\/v2\/posts\/1269","targetHints":{"allow":["GET"]}}],"collection":[{"href":"https:\/\/feteugtmelilla.es\/index.php?rest_route=\/wp\/v2\/posts"}],"about":[{"href":"https:\/\/feteugtmelilla.es\/index.php?rest_route=\/wp\/v2\/types\/post"}],"author":[{"embeddable":true,"href":"https:\/\/feteugtmelilla.es\/index.php?rest_route=\/wp\/v2\/users\/3"}],"replies":[{"embeddable":true,"href":"https:\/\/feteugtmelilla.es\/index.php?rest_route=%2Fwp%2Fv2%2Fcomments&post=1269"}],"version-history":[{"count":2,"href":"https:\/\/feteugtmelilla.es\/index.php?rest_route=\/wp\/v2\/posts\/1269\/revisions"}],"predecessor-version":[{"id":1273,"href":"https:\/\/feteugtmelilla.es\/index.php?rest_route=\/wp\/v2\/posts\/1269\/revisions\/1273"}],"wp:attachment":[{"href":"https:\/\/feteugtmelilla.es\/index.php?rest_route=%2Fwp%2Fv2%2Fmedia&parent=1269"}],"wp:term":[{"taxonomy":"category","embeddable":true,"href":"https:\/\/feteugtmelilla.es\/index.php?rest_route=%2Fwp%2Fv2%2Fcategories&post=1269"},{"taxonomy":"post_tag","embeddable":true,"href":"https:\/\/feteugtmelilla.es\/index.php?rest_route=%2Fwp%2Fv2%2Ftags&post=1269"}],"curies":[{"name":"wp","href":"https:\/\/api.w.org\/{rel}","templated":true}]}}