{"id":1135,"date":"2019-07-10T21:22:14","date_gmt":"2019-07-10T20:22:14","guid":{"rendered":"http:\/\/feteugtmelilla.es\/?p=1135"},"modified":"2019-07-10T21:25:17","modified_gmt":"2019-07-10T20:25:17","slug":"interinos-la-peticion-de-centros-sera-telematica","status":"publish","type":"post","link":"https:\/\/feteugtmelilla.es\/?p=1135","title":{"rendered":"Interinos: la petici\u00f3n de centros ser\u00e1 telem\u00e1tica"},"content":{"rendered":"<p>Hace un par de semanas hicimos la propuesta a la Direcci\u00f3n Provincial de Educaci\u00f3n de que hacer un acto de presentaci\u00f3n para la elecci\u00f3n de vacantes de inicio de curso era dar un paso atr\u00e1s y, por ello, apost\u00e1bamos por mantener el sistema de adjudicaci\u00f3n de los anteriores a\u00f1os mediante una solicitud de petici\u00f3n de centros. Todo ello, tanto en beneficio del profesorado interino como del procedimiento administrativo. Cuesti\u00f3n que es de vanal justificaci\u00f3n a estas alturas de la \u00abpel\u00edcula\u00bb.<\/p>\n<p>En reuni\u00f3n con la Direcci\u00f3n Provincial esta ma\u00f1ana, se ha ratificado que este a\u00f1o se har\u00e1 como el anterior, mediante una solicitud de los centros por orden de preferencia y especialidad. Las solicitudes se podr\u00e1n enviar v\u00eda correo electr\u00f3nico.<\/p>\n<p>A falta de alguna matizaci\u00f3n en los modelos de solicitud, os ponemos aqu\u00ed los que nos han presentado\u00a0 esta ma\u00f1ana, pero os apuntamos que tendr\u00e9is que utilizar los que la Direcci\u00f3n Provincial coloque en su <a href=\"http:\/\/bit.ly\/UGT_DPMELILLA\">WEB DIRECCION PROVINCIAL DE MELILLA<\/a>, que pondr\u00e1n en su p\u00e1gina principal, en NOVEDADES<\/p>\n<p>Aplaudimos en esta ocasi\u00f3n que hayamos podido acordar este sistema ya que el anterior no era bueno,\u00a0 a nuestro entender.<\/p>\n<p>Anexos:<\/p>\n<ul>\n<li><a href=\"http:\/\/bit.ly\/UGT_CODIGOSCENTROS\">C\u00f3digos de centros y especialidades<\/a><\/li>\n<li><a href=\"http:\/\/bit.ly\/UGT_SOLICITUDINTERINOS\">Modelo de solicitud (provisional)<\/a><\/li>\n<\/ul>\n","protected":false},"excerpt":{"rendered":"<p>Hace un par de semanas hicimos la propuesta a la Direcci\u00f3n Provincial de Educaci\u00f3n de que hacer un acto de presentaci\u00f3n para la elecci\u00f3n de vacantes de inicio de curso era dar un paso atr\u00e1s y, por ello, apost\u00e1bamos por mantener el sistema de adjudicaci\u00f3n de los anteriores a\u00f1os mediante una solicitud de petici\u00f3n de [&hellip;]<\/p>\n","protected":false},"author":2,"featured_media":0,"comment_status":"open","ping_status":"open","sticky":false,"template":"","format":"standard","meta":{"_jetpack_memberships_contains_paid_content":false,"footnotes":""},"categories":[18,17],"tags":[175,93,65,172,174,74,173],"class_list":["post-1135","post","type-post","status-publish","format-standard","hentry","category-ensenanza-publica","category-noticias","tag-centros","tag-interinos","tag-melilla","tag-peticion-centros","tag-septiembre","tag-ugt","tag-vacantes"],"jetpack_featured_media_url":"","jetpack_sharing_enabled":true,"_links":{"self":[{"href":"https:\/\/feteugtmelilla.es\/index.php?rest_route=\/wp\/v2\/posts\/1135","targetHints":{"allow":["GET"]}}],"collection":[{"href":"https:\/\/feteugtmelilla.es\/index.php?rest_route=\/wp\/v2\/posts"}],"about":[{"href":"https:\/\/feteugtmelilla.es\/index.php?rest_route=\/wp\/v2\/types\/post"}],"author":[{"embeddable":true,"href":"https:\/\/feteugtmelilla.es\/index.php?rest_route=\/wp\/v2\/users\/2"}],"replies":[{"embeddable":true,"href":"https:\/\/feteugtmelilla.es\/index.php?rest_route=%2Fwp%2Fv2%2Fcomments&post=1135"}],"version-history":[{"count":1,"href":"https:\/\/feteugtmelilla.es\/index.php?rest_route=\/wp\/v2\/posts\/1135\/revisions"}],"predecessor-version":[{"id":1136,"href":"https:\/\/feteugtmelilla.es\/index.php?rest_route=\/wp\/v2\/posts\/1135\/revisions\/1136"}],"wp:attachment":[{"href":"https:\/\/feteugtmelilla.es\/index.php?rest_route=%2Fwp%2Fv2%2Fmedia&parent=1135"}],"wp:term":[{"taxonomy":"category","embeddable":true,"href":"https:\/\/feteugtmelilla.es\/index.php?rest_route=%2Fwp%2Fv2%2Fcategories&post=1135"},{"taxonomy":"post_tag","embeddable":true,"href":"https:\/\/feteugtmelilla.es\/index.php?rest_route=%2Fwp%2Fv2%2Ftags&post=1135"}],"curies":[{"name":"wp","href":"https:\/\/api.w.org\/{rel}","templated":true}]}}