{"id":1093,"date":"2019-07-02T10:21:56","date_gmt":"2019-07-02T09:21:56","guid":{"rendered":"http:\/\/feteugtmelilla.es\/?p=1093"},"modified":"2019-07-02T10:21:56","modified_gmt":"2019-07-02T09:21:56","slug":"novedades-oposiciones-al-pt-educacion-fisica-y-primaria","status":"publish","type":"post","link":"https:\/\/feteugtmelilla.es\/?p=1093","title":{"rendered":"NOVEDADES OPOSICIONES: AL, PT, EDUCACI\u00d3N F\u00cdSICA Y PRIMARIA."},"content":{"rendered":"<p><em>Os relacionamos las \u00faltimas publicaciones de las especialidades:<\/em><\/p>\n<p><strong>AUDICI\u00d3N Y LENGUAJE<\/strong>: <a href=\"http:\/\/feteugtmelilla.es\/wp-content\/uploads\/2019\/07\/SUSPENSOS-AL.jpg\">Suspensos<\/a> y <a href=\"http:\/\/feteugtmelilla.es\/wp-content\/uploads\/2019\/07\/RECLAMACIONES-AL-S2.jpg\">reclamaciones<\/a>.<\/p>\n<p><strong>PEDAGOG\u00cdA TERAP\u00c9UTICA<\/strong>: <a href=\"http:\/\/feteugtmelilla.es\/wp-content\/uploads\/2019\/07\/Llamamiento-PT-2.jpg\">Llamamiento<\/a> segunda prueba 4 de julio.<\/p>\n<p><strong>EDUCACI\u00d3N F\u00cdSICA<\/strong>: <a href=\"http:\/\/feteugtmelilla.es\/wp-content\/uploads\/2019\/07\/APROBADOS-EDUCACION-FISICA.jpg\">Aprobados<\/a>, <a href=\"http:\/\/feteugtmelilla.es\/wp-content\/uploads\/2019\/07\/SUSPENSOS-EDUCACION-FISICA.jpg\">suspensos<\/a> y <a href=\"http:\/\/feteugtmelilla.es\/wp-content\/uploads\/2019\/07\/RECLAMACIONES-EDUCACION-FISICA.jpg\">periodo de reclamaci\u00f3n<\/a>.<\/p>\n<p><strong>PRIMARIA<\/strong>: Acto entrega programaci\u00f3n\u00a0 llamamientos (<a href=\"http:\/\/feteugtmelilla.es\/wp-content\/uploads\/2019\/07\/Llmamientos-T1.jpg\">Tribunal 1<\/a>,\u00a0<a href=\"http:\/\/feteugtmelilla.es\/wp-content\/uploads\/2019\/07\/Llmamientos-T2-p%C3%A1g.2.jpg\">Tribunal 2<\/a> y<a href=\"http:\/\/feteugtmelilla.es\/wp-content\/uploads\/2019\/07\/Llmamientos-T3.jpg\">\u00a0Tribunal 3<\/a>).<\/p>\n<p>&nbsp;<\/p>\n<p>&nbsp;<\/p>\n","protected":false},"excerpt":{"rendered":"<p>Os relacionamos las \u00faltimas publicaciones de las especialidades: AUDICI\u00d3N Y LENGUAJE: Suspensos y reclamaciones. PEDAGOG\u00cdA TERAP\u00c9UTICA: Llamamiento segunda prueba 4 de julio. EDUCACI\u00d3N F\u00cdSICA: Aprobados, suspensos y periodo de reclamaci\u00f3n. PRIMARIA: Acto entrega programaci\u00f3n\u00a0 llamamientos (Tribunal 1,\u00a0Tribunal 2 y\u00a0Tribunal 3). &nbsp; &nbsp;<\/p>\n","protected":false},"author":3,"featured_media":0,"comment_status":"open","ping_status":"open","sticky":false,"template":"","format":"standard","meta":{"_jetpack_memberships_contains_paid_content":false,"footnotes":""},"categories":[18,11],"tags":[],"class_list":["post-1093","post","type-post","status-publish","format-standard","hentry","category-ensenanza-publica","category-oposiciones-y-concursos"],"jetpack_featured_media_url":"","jetpack_sharing_enabled":true,"_links":{"self":[{"href":"https:\/\/feteugtmelilla.es\/index.php?rest_route=\/wp\/v2\/posts\/1093","targetHints":{"allow":["GET"]}}],"collection":[{"href":"https:\/\/feteugtmelilla.es\/index.php?rest_route=\/wp\/v2\/posts"}],"about":[{"href":"https:\/\/feteugtmelilla.es\/index.php?rest_route=\/wp\/v2\/types\/post"}],"author":[{"embeddable":true,"href":"https:\/\/feteugtmelilla.es\/index.php?rest_route=\/wp\/v2\/users\/3"}],"replies":[{"embeddable":true,"href":"https:\/\/feteugtmelilla.es\/index.php?rest_route=%2Fwp%2Fv2%2Fcomments&post=1093"}],"version-history":[{"count":2,"href":"https:\/\/feteugtmelilla.es\/index.php?rest_route=\/wp\/v2\/posts\/1093\/revisions"}],"predecessor-version":[{"id":1095,"href":"https:\/\/feteugtmelilla.es\/index.php?rest_route=\/wp\/v2\/posts\/1093\/revisions\/1095"}],"wp:attachment":[{"href":"https:\/\/feteugtmelilla.es\/index.php?rest_route=%2Fwp%2Fv2%2Fmedia&parent=1093"}],"wp:term":[{"taxonomy":"category","embeddable":true,"href":"https:\/\/feteugtmelilla.es\/index.php?rest_route=%2Fwp%2Fv2%2Fcategories&post=1093"},{"taxonomy":"post_tag","embeddable":true,"href":"https:\/\/feteugtmelilla.es\/index.php?rest_route=%2Fwp%2Fv2%2Ftags&post=1093"}],"curies":[{"name":"wp","href":"https:\/\/api.w.org\/{rel}","templated":true}]}}