{"id":1064,"date":"2019-06-29T14:23:07","date_gmt":"2019-06-29T13:23:07","guid":{"rendered":"http:\/\/feteugtmelilla.es\/?p=1064"},"modified":"2019-06-29T14:25:53","modified_gmt":"2019-06-29T13:25:53","slug":"notas-ingles-y-plazo-alegaciones","status":"publish","type":"post","link":"https:\/\/feteugtmelilla.es\/?p=1064","title":{"rendered":"NOTAS INGL\u00c9S Y PLAZO ALEGACIONES"},"content":{"rendered":"<p>Hoy se han hecho p\u00fablicas, tras el acto de apertura de plicas, las <strong>notas de la primera prueba de la especialidad de INGL\u00c9S<\/strong>, as\u00ed como el <strong>periodo para hacer alegaciones<\/strong> a las mismas ante el Tribunal.<\/p>\n<ul>\n<li><a href=\"http:\/\/feteugtmelilla.es\/wp-content\/uploads\/2019\/06\/IMG-20190629-WA0023.jpg\">Aprobados.<\/a><\/li>\n<li><a href=\"http:\/\/feteugtmelilla.es\/wp-content\/uploads\/2019\/06\/IMG-20190629-WA0020.jpg\">Suspensos.<\/a><\/li>\n<li><a href=\"http:\/\/feteugtmelilla.es\/wp-content\/uploads\/2019\/06\/Alegaciones.INGL%C3%89S.jpeg\">Periodo reclamaci\u00f3n.<\/a><\/li>\n<\/ul>\n","protected":false},"excerpt":{"rendered":"<p>Hoy se han hecho p\u00fablicas, tras el acto de apertura de plicas, las notas de la primera prueba de la especialidad de INGL\u00c9S, as\u00ed como el periodo para hacer alegaciones a las mismas ante el Tribunal. Aprobados. Suspensos. Periodo reclamaci\u00f3n.<\/p>\n","protected":false},"author":3,"featured_media":0,"comment_status":"open","ping_status":"open","sticky":false,"template":"","format":"standard","meta":{"_jetpack_memberships_contains_paid_content":false,"footnotes":""},"categories":[18,17,11],"tags":[],"class_list":["post-1064","post","type-post","status-publish","format-standard","hentry","category-ensenanza-publica","category-noticias","category-oposiciones-y-concursos"],"jetpack_featured_media_url":"","jetpack_sharing_enabled":true,"_links":{"self":[{"href":"https:\/\/feteugtmelilla.es\/index.php?rest_route=\/wp\/v2\/posts\/1064","targetHints":{"allow":["GET"]}}],"collection":[{"href":"https:\/\/feteugtmelilla.es\/index.php?rest_route=\/wp\/v2\/posts"}],"about":[{"href":"https:\/\/feteugtmelilla.es\/index.php?rest_route=\/wp\/v2\/types\/post"}],"author":[{"embeddable":true,"href":"https:\/\/feteugtmelilla.es\/index.php?rest_route=\/wp\/v2\/users\/3"}],"replies":[{"embeddable":true,"href":"https:\/\/feteugtmelilla.es\/index.php?rest_route=%2Fwp%2Fv2%2Fcomments&post=1064"}],"version-history":[{"count":2,"href":"https:\/\/feteugtmelilla.es\/index.php?rest_route=\/wp\/v2\/posts\/1064\/revisions"}],"predecessor-version":[{"id":1067,"href":"https:\/\/feteugtmelilla.es\/index.php?rest_route=\/wp\/v2\/posts\/1064\/revisions\/1067"}],"wp:attachment":[{"href":"https:\/\/feteugtmelilla.es\/index.php?rest_route=%2Fwp%2Fv2%2Fmedia&parent=1064"}],"wp:term":[{"taxonomy":"category","embeddable":true,"href":"https:\/\/feteugtmelilla.es\/index.php?rest_route=%2Fwp%2Fv2%2Fcategories&post=1064"},{"taxonomy":"post_tag","embeddable":true,"href":"https:\/\/feteugtmelilla.es\/index.php?rest_route=%2Fwp%2Fv2%2Ftags&post=1064"}],"curies":[{"name":"wp","href":"https:\/\/api.w.org\/{rel}","templated":true}]}}