{"id":1019,"date":"2019-06-28T15:05:25","date_gmt":"2019-06-28T14:05:25","guid":{"rendered":"http:\/\/feteugtmelilla.es\/?p=1019"},"modified":"2019-06-28T15:09:02","modified_gmt":"2019-06-28T14:09:02","slug":"notas-pt-aprobados-suspensos-y-plazo-de-reclamacion","status":"publish","type":"post","link":"https:\/\/feteugtmelilla.es\/?p=1019","title":{"rendered":"NOTAS PT: APROBADOS, SUSPENSOS Y PLAZO DE RECLAMACI\u00d3N"},"content":{"rendered":"<p>Tras el acto de apertura de plicas en la <em>especialidad de Pedagog\u00eda\u00a0<\/em><i>Terap\u00e9utica<\/i>, se han hecho p\u00fablicos los <strong>listados de <a href=\"http:\/\/feteugtmelilla.es\/wp-content\/uploads\/2019\/06\/Aprobados.PT_.jpeg\">aprobados<\/a> y <a href=\"http:\/\/feteugtmelilla.es\/wp-content\/uploads\/2019\/06\/No.Aprobados.PT_.jpeg\">suspensos<\/a><\/strong>. A los primeros, nuestra m\u00e1s sincera enhorabuena. A los segundos, mucho \u00e1nimo. Sabed que como novedad en esta convocatoria, se podr\u00e1n presentar <strong>alegaciones<\/strong> a estas notas ante el tribunal, <em>esta tarde de 17:00 H a 20:00 H en el aula 315<\/em>. Os seguiremos informando de las novedades que se vayan produciendo.<\/p>\n","protected":false},"excerpt":{"rendered":"<p>Tras el acto de apertura de plicas en la especialidad de Pedagog\u00eda\u00a0Terap\u00e9utica, se han hecho p\u00fablicos los listados de aprobados y suspensos. A los primeros, nuestra m\u00e1s sincera enhorabuena. A los segundos, mucho \u00e1nimo. Sabed que como novedad en esta convocatoria, se podr\u00e1n presentar alegaciones a estas notas ante el tribunal, esta tarde de 17:00 [&hellip;]<\/p>\n","protected":false},"author":3,"featured_media":0,"comment_status":"open","ping_status":"open","sticky":false,"template":"","format":"standard","meta":{"_jetpack_memberships_contains_paid_content":false,"footnotes":""},"categories":[18,11],"tags":[171],"class_list":["post-1019","post","type-post","status-publish","format-standard","hentry","category-ensenanza-publica","category-oposiciones-y-concursos","tag-notas-pt"],"jetpack_featured_media_url":"","jetpack_sharing_enabled":true,"_links":{"self":[{"href":"https:\/\/feteugtmelilla.es\/index.php?rest_route=\/wp\/v2\/posts\/1019","targetHints":{"allow":["GET"]}}],"collection":[{"href":"https:\/\/feteugtmelilla.es\/index.php?rest_route=\/wp\/v2\/posts"}],"about":[{"href":"https:\/\/feteugtmelilla.es\/index.php?rest_route=\/wp\/v2\/types\/post"}],"author":[{"embeddable":true,"href":"https:\/\/feteugtmelilla.es\/index.php?rest_route=\/wp\/v2\/users\/3"}],"replies":[{"embeddable":true,"href":"https:\/\/feteugtmelilla.es\/index.php?rest_route=%2Fwp%2Fv2%2Fcomments&post=1019"}],"version-history":[{"count":3,"href":"https:\/\/feteugtmelilla.es\/index.php?rest_route=\/wp\/v2\/posts\/1019\/revisions"}],"predecessor-version":[{"id":1026,"href":"https:\/\/feteugtmelilla.es\/index.php?rest_route=\/wp\/v2\/posts\/1019\/revisions\/1026"}],"wp:attachment":[{"href":"https:\/\/feteugtmelilla.es\/index.php?rest_route=%2Fwp%2Fv2%2Fmedia&parent=1019"}],"wp:term":[{"taxonomy":"category","embeddable":true,"href":"https:\/\/feteugtmelilla.es\/index.php?rest_route=%2Fwp%2Fv2%2Fcategories&post=1019"},{"taxonomy":"post_tag","embeddable":true,"href":"https:\/\/feteugtmelilla.es\/index.php?rest_route=%2Fwp%2Fv2%2Ftags&post=1019"}],"curies":[{"name":"wp","href":"https:\/\/api.w.org\/{rel}","templated":true}]}}