{"id":4790,"date":"2026-03-17T09:29:39","date_gmt":"2026-03-17T08:29:39","guid":{"rendered":"https:\/\/feteugtmelilla.es\/?p=4790"},"modified":"2026-03-17T09:29:42","modified_gmt":"2026-03-17T08:29:42","slug":"retrasos-debidos-a-la-ensenanza-concertada","status":"publish","type":"post","link":"http:\/\/feteugtmelilla.es\/?p=4790","title":{"rendered":"Retrasos debidos a la Ense\u00f1anza Concertada"},"content":{"rendered":"\n<p><\/p>\n\n\n\n<p>Desde octubre del a\u00f1o pasado, el MEYFP se ha estado comprometiendo con los docentes de la ense\u00f1anza concertada de Melilla y Ceuta para el abono de los retrasos econ\u00f3micos desde enero de 2.024<br><\/p>\n\n\n\n<p>En diciembre de 2.025 comprobamos como el primer compromiso se incumpl\u00eda, no abonando el 0,5% de subida con respecto a las tablas de 2.023, debidos desde enero del 2.024 hasta esa fecha, generando un malestar entre los docentes.<br>En enero de 2.026 los representantes de la ense\u00f1anza privada UGT-SP de Ceuta y Melilla nos pusimos en contacto con la Subdirectora General de Programas y Centros del MEYFP en Madrid, pidiendo explicaciones del incumplimiento en el abono de diciembre.<br>En varias ocasiones, desde enero y febrero de este a\u00f1o, hemos vuelto a insistir en el pago de estos retrasos, indic\u00e1ndonos que la demora en diciembre, se debi\u00f3 al acuerdo econ\u00f3mico para la funci\u00f3n P\u00fablica firmado por Gobierno y sindicatos en el per\u00edodo 2.025-28, debiendo recalcular las cantidades para los nueve centros concertados en ambas ciudades.<\/p>\n\n\n\n<p><br>Aparte de este c\u00e1lculo, hab\u00eda que presentar un escrito ante el Ministerio de Hacienda para que librara la cantidad determinada. Esta cantidad engloba los a\u00f1os 2.024-26, incluyendo los MEI\u00b4s respectivos. Dicho escrito se envi\u00f3 a la Abogac\u00eda del estado que, a\u00fan est\u00e1 revisando su contenido para dar su visto bueno.<br>Desde los primeros d\u00edas de marzo ambos representantes de la ense\u00f1anza privada de UGT-SP hemos estado poni\u00e9ndonos en contacto con la Subdirectora General para insistirle en el compromiso \u00faltimo de pago de los retrasos, como \u201cm\u00e1ximo en el primer trimestre del a\u00f1o\u201d es decir, marzo.<br>Tras varios intentos infructuosos de llamada, la Subdirectora General se puso en contacto, disculp\u00e1ndose por no poder cumplir el compromiso dado, debido al retraso en la presentaci\u00f3n del documento ante el Ministerio de Hacienda.<\/p>\n\n\n\n<p><br>Los docentes de ambas ciudades estamos cansados de tanto compromiso incumplido por parte del MEYFP. Nuestros sueldos est\u00e1n \u201ccongelados\u201d desde 2.024 soportando una situaci\u00f3n econ\u00f3mica que en algunos casos es compleja. La situaci\u00f3n actual es que se ha bloqueado el pago de los retrasos para el mes de marzo. No se entiende que para otros sectores que dependen de los PGE\u00b4s, al igual que los nuestros, no haya habido problemas y, sin embargo para la ense\u00f1anza Concertada, todo son impedimentos. Tambi\u00e9n barajamos la posibilidad de movilizaciones de este sector en el momento m\u00e1s adecuado para exigir y reclamar lo son nuestros derechos.<\/p>\n\n\n\n<p><br>Por todo ello, los representantes de la Ense\u00f1anza Privada se van a desplazar a Madrid en una reuni\u00f3n urgente con el Director General y la Subdirectora General para exigir el pago inmediato de todas las cantidades debidas.<\/p>\n","protected":false},"excerpt":{"rendered":"<p>Desde octubre del a\u00f1o pasado, el MEYFP se ha estado comprometiendo con los docentes de la ense\u00f1anza concertada de Melilla y Ceuta para el abono de los retrasos econ\u00f3micos desde enero de 2.024 En diciembre de 2.025 comprobamos como el primer compromiso se incumpl\u00eda, no abonando el 0,5% de subida con respecto a las tablas [&hellip;]<\/p>\n","protected":false},"author":5,"featured_media":3713,"comment_status":"open","ping_status":"open","sticky":false,"template":"","format":"standard","meta":{"_jetpack_memberships_contains_paid_content":false,"footnotes":""},"categories":[7,17],"tags":[],"class_list":["post-4790","post","type-post","status-publish","format-standard","has-post-thumbnail","hentry","category-ensenanza-privada","category-noticias"],"jetpack_featured_media_url":"http:\/\/feteugtmelilla.es\/wp-content\/uploads\/2023\/05\/logofspmelilla.png","jetpack_sharing_enabled":true,"_links":{"self":[{"href":"http:\/\/feteugtmelilla.es\/index.php?rest_route=\/wp\/v2\/posts\/4790","targetHints":{"allow":["GET"]}}],"collection":[{"href":"http:\/\/feteugtmelilla.es\/index.php?rest_route=\/wp\/v2\/posts"}],"about":[{"href":"http:\/\/feteugtmelilla.es\/index.php?rest_route=\/wp\/v2\/types\/post"}],"author":[{"embeddable":true,"href":"http:\/\/feteugtmelilla.es\/index.php?rest_route=\/wp\/v2\/users\/5"}],"replies":[{"embeddable":true,"href":"http:\/\/feteugtmelilla.es\/index.php?rest_route=%2Fwp%2Fv2%2Fcomments&post=4790"}],"version-history":[{"count":1,"href":"http:\/\/feteugtmelilla.es\/index.php?rest_route=\/wp\/v2\/posts\/4790\/revisions"}],"predecessor-version":[{"id":4791,"href":"http:\/\/feteugtmelilla.es\/index.php?rest_route=\/wp\/v2\/posts\/4790\/revisions\/4791"}],"wp:featuredmedia":[{"embeddable":true,"href":"http:\/\/feteugtmelilla.es\/index.php?rest_route=\/wp\/v2\/media\/3713"}],"wp:attachment":[{"href":"http:\/\/feteugtmelilla.es\/index.php?rest_route=%2Fwp%2Fv2%2Fmedia&parent=4790"}],"wp:term":[{"taxonomy":"category","embeddable":true,"href":"http:\/\/feteugtmelilla.es\/index.php?rest_route=%2Fwp%2Fv2%2Fcategories&post=4790"},{"taxonomy":"post_tag","embeddable":true,"href":"http:\/\/feteugtmelilla.es\/index.php?rest_route=%2Fwp%2Fv2%2Ftags&post=4790"}],"curies":[{"name":"wp","href":"https:\/\/api.w.org\/{rel}","templated":true}]}}